{"id":998,"date":"2011-06-21T10:06:18","date_gmt":"2011-06-21T09:06:18","guid":{"rendered":"http:\/\/www.mfoto.es\/2011\/?p=998"},"modified":"2011-06-21T10:06:18","modified_gmt":"2011-06-21T09:06:18","slug":"antxustegi-y-txutxi-perez-terminan-en-el-rallye-de-ourense","status":"publish","type":"post","link":"https:\/\/www.mfoto.es\/noticias\/?p=998","title":{"rendered":"Antxustegi y Txutxi P\u00e9rez terminan en el Rallye de Ourense"},"content":{"rendered":"<p><img loading=\"lazy\" decoding=\"async\" class=\"alignleft\" src=\"https:\/\/www.mfoto.es\/logos\/foto.gif\" alt=\"\" width=\"50\" height=\"36\" \/><\/p>\n<p><a href=\"https:\/\/www.mfoto.es\/fotos\/2011\/027_ourense\/index.html\">VER FOTOS DEL RALLYE DE OURENSE<\/a><\/p>\n<p><img loading=\"lazy\" decoding=\"async\" class=\"alignnone size-full wp-image-999\" title=\"045_txutxi_ourense\" src=\"https:\/\/www.mfoto.es\/noticias\/wp-content\/uploads_2012\/045_txutxi_ourense.jpg\" alt=\"\" width=\"450\" height=\"300\" srcset=\"https:\/\/www.mfoto.es\/noticias\/wp-content\/uploads_2012\/045_txutxi_ourense.jpg 450w, https:\/\/www.mfoto.es\/noticias\/wp-content\/uploads_2012\/045_txutxi_ourense-300x200.jpg 300w\" sizes=\"auto, (max-width: 450px) 100vw, 450px\" \/><\/p>\n<p>Gorka Antxustegi con el Suzuki Swift S1600 termin\u00f3 el Rallye de Ourense en la sexta plaza tras sufrir un pinchazo que le hizo perder casi ocho minutos y descender hasta la vig\u00e9sima posici\u00f3n. M\u00e1s tarde manteniendo el ritmo fue escalando posiciones hasta la sexta posici\u00f3n general y la segunda en la categor\u00eda S1600 y en la Challenge Hankook.<\/p>\n<p>Los hermanos Txutxi y Alejandro P\u00e9rez terminaron en la octava posici\u00f3n de la Copa Suzuki tras un toque en el puente trasero en los \u00faltimos tramos, que les hizo perder mucho tiempo y la posibilidad de terminar m\u00e1s arriba. En la Copa Suzuki participaron 16 equipos y hubo una gran cantidad de abandonos.<\/p>\n<p>La prueba fue ganada por el alicantino Miguel Fuster con un Porsche 911 GT3 y con este resultado se coloca l\u00edder del Campeonato de Espa\u00f1a de Rallyes.<\/p>\n<p>CLASIFICACI\u00d3N:<br \/>\n1\u00ba Fuster-Avi\u00f1o (Porsche 911 GT3) 2:14:08.5<br \/>\n2\u00ba Senra-V\u00e1zquez (Peugeot 306 Maxi) a 2:00.5<br \/>\n3\u00ba Perez-Velasco (Peugeot 207 S2000) a 2:18.5<br \/>\n4\u00ba Vinyes-Mercader (Suzuki Swift S1600) a 4:34.2<br \/>\n5\u00ba Ramos-Costoya (Mitsubishi Evo X) a 10:07.1<br \/>\n<strong>6\u00ba Antxustegi-Su\u00e1rez (Suzuki Swift S1600) a 13:37.7<\/strong><br \/>\n7\u00ba Marban-Ferrero (Mitsubishi Evo X) a 14:21.0<br \/>\n8\u00ba Pujol-Rosell (Ford Fiesta R2) a 14:58.1<br \/>\n9\u00ba D\u00edaz-Gonz\u00e1lez (Ford Fiesta R2) a 15:48.5<br \/>\n10\u00ba Carchat-Ribeiro (Suzuki Swift Sport) a 18:21.9<br \/>\n&#8212;&#8212;&#8212;&#8212;&#8212;&#8212;&#8212;&#8212;&#8212;&#8212;&#8212;&#8212;-<br \/>\n<strong>20\u00ba P\u00e9rez-P\u00e9rez (Suzuki Swift Sport) a 28:23.7<\/strong><\/p>\n","protected":false},"excerpt":{"rendered":"<p>VER FOTOS DEL RALLYE DE OURENSE Gorka Antxustegi con el Suzuki Swift S1600 termin\u00f3 el Rallye de Ourense en la sexta plaza tras sufrir un pinchazo que le hizo perder casi ocho minutos y descender hasta la vig\u00e9sima posici\u00f3n. M\u00e1s tarde manteniendo el ritmo fue escalando posiciones hasta la sexta posici\u00f3n general y la segunda [&hellip;]<\/p>\n","protected":false},"author":1,"featured_media":0,"comment_status":"closed","ping_status":"closed","sticky":false,"template":"","format":"standard","meta":{"footnotes":""},"categories":[51,64,5,4,81],"tags":[],"class_list":["post-998","post","type-post","status-publish","format-standard","hentry","category-antxustegi","category-galicia","category-nacional","category-rallyes","category-txutxi"],"_links":{"self":[{"href":"https:\/\/www.mfoto.es\/noticias\/index.php?rest_route=\/wp\/v2\/posts\/998","targetHints":{"allow":["GET"]}}],"collection":[{"href":"https:\/\/www.mfoto.es\/noticias\/index.php?rest_route=\/wp\/v2\/posts"}],"about":[{"href":"https:\/\/www.mfoto.es\/noticias\/index.php?rest_route=\/wp\/v2\/types\/post"}],"author":[{"embeddable":true,"href":"https:\/\/www.mfoto.es\/noticias\/index.php?rest_route=\/wp\/v2\/users\/1"}],"replies":[{"embeddable":true,"href":"https:\/\/www.mfoto.es\/noticias\/index.php?rest_route=%2Fwp%2Fv2%2Fcomments&post=998"}],"version-history":[{"count":0,"href":"https:\/\/www.mfoto.es\/noticias\/index.php?rest_route=\/wp\/v2\/posts\/998\/revisions"}],"wp:attachment":[{"href":"https:\/\/www.mfoto.es\/noticias\/index.php?rest_route=%2Fwp%2Fv2%2Fmedia&parent=998"}],"wp:term":[{"taxonomy":"category","embeddable":true,"href":"https:\/\/www.mfoto.es\/noticias\/index.php?rest_route=%2Fwp%2Fv2%2Fcategories&post=998"},{"taxonomy":"post_tag","embeddable":true,"href":"https:\/\/www.mfoto.es\/noticias\/index.php?rest_route=%2Fwp%2Fv2%2Ftags&post=998"}],"curies":[{"name":"wp","href":"https:\/\/api.w.org\/{rel}","templated":true}]}}