{"id":993,"date":"2011-06-21T09:47:30","date_gmt":"2011-06-21T08:47:30","guid":{"rendered":"http:\/\/www.mfoto.es\/2011\/?p=993"},"modified":"2011-06-21T09:47:30","modified_gmt":"2011-06-21T08:47:30","slug":"fuster-lider-del-campeonato-tras-ganar-en-ourense","status":"publish","type":"post","link":"https:\/\/www.mfoto.es\/noticias\/?p=993","title":{"rendered":"Fuster l\u00edder del campeonato tras ganar en Ourense"},"content":{"rendered":"<p><img loading=\"lazy\" decoding=\"async\" class=\"alignleft\" src=\"https:\/\/www.mfoto.es\/logos\/foto.gif\" alt=\"\" width=\"50\" height=\"36\" \/><\/p>\n<p><a href=\"https:\/\/www.mfoto.es\/fotos\/2011\/027_ourense\/index.html\">VER FOTOS DEL RALLYE DE OURENSE<\/a><\/p>\n<p><img loading=\"lazy\" decoding=\"async\" class=\"alignnone size-full wp-image-994\" title=\"044_fuster_ourense\" src=\"https:\/\/www.mfoto.es\/noticias\/wp-content\/uploads_2012\/044_fuster_ourense.jpg\" alt=\"\" width=\"450\" height=\"300\" srcset=\"https:\/\/www.mfoto.es\/noticias\/wp-content\/uploads_2012\/044_fuster_ourense.jpg 450w, https:\/\/www.mfoto.es\/noticias\/wp-content\/uploads_2012\/044_fuster_ourense-300x200.jpg 300w\" sizes=\"auto, (max-width: 450px) 100vw, 450px\" \/><\/p>\n<p>Tras el liderato inicial de Xevi Pons con el Fiesta S2000, Miguel Fuster se impon\u00eda en un Rallye de Ourense en el que hubo una gran cantidad de abandonos y con este resultado se pon\u00eda l\u00edder del Campeonato de Espa\u00f1a.<\/p>\n<p>En el shakedown se quedaban Sergio Vallejo y Alberto Hevia con los motores de sus veh\u00edculos rotos y sin posibilidad de repararlos, aunque Vallejo lo intent\u00f3 hasta \u00faltima hora, al final no pudo salir.<\/p>\n<p>Nada m\u00e1s empezar la etapa del s\u00e1bado, tambi\u00e9n abandonaba Mantec\u00f3n con su Mitsubishi Evo X sin llegar al primer tramo.<\/p>\n<p>Ya en carrera, Pons lideraba la prueba con Fuster muy cerca, hasta que en el quinto tramo pinchaba y perd\u00eda dos minutos. M\u00e1s tarde intentaba recuperar tiempo para meterse en el podium y en el pen\u00faltimo tramo se sali\u00f3 sin poder devolver el coche a la carretera.<\/p>\n<p>Durante el d\u00eda tambi\u00e9n abandonaron Magalhahes, David P\u00e9rez, Su\u00e1rez y Meira por diferentes problemas.<\/p>\n<p>Al final de rallye, V\u00edctor Senra con el Peugeot 306 Maxi y Jonathan P\u00e9rez con el Peugeot 207 S2000 acompa\u00f1aron en el podium a Miguel Fuster. Senra penaliz\u00f3 un minuto en un control horario, que por poco le hace perder la segunda plaza por un problema con el alternador.<\/p>\n<p>Los Suzuki Swift S1600 llegaron hasta la cuarta y sexta plaza con Vinyes y Antxustegi, este \u00faltimo tras recuperar desde el puesto veinte al perder casi 8 minutos por un pinchazo. Tambi\u00e9n encabezaban las clasificaciones de S1600 y la Challenge Hankook.<\/p>\n<p>En la copa Suzuki Swift Venc\u00eda el andorrano Joan Carchat seguido por Pazo y Viloria tras ser excluido Monarri que estaba segundo.<\/p>\n<p>El Trofeo R2 era para Pujol con Ford Fiesta, le siguieron Adrian D\u00edaz con otro Fiesta y Rub\u00e9n Gracia con un Renault Twingo.<\/p>\n<p>CLASIFICACI\u00d3N:<br \/>\n1\u00ba Fuster-Avi\u00f1o (Porsche 911 GT3) 2:14:08.5<br \/>\n2\u00ba Senra-V\u00e1zquez (Peugeot 306 Maxi) a 2:00.5<br \/>\n3\u00ba Perez-Velasco (Peugeot 207 S2000) a 2:18.5<br \/>\n4\u00ba Vinyes-Mercader (Suzuki Swift S1600) a 4:34.2<br \/>\n5\u00ba Ramos-Costoya (Mitsubishi Evo X) a 10:07.1<br \/>\n6\u00ba Antxustegi-Su\u00e1rez (Suzuki Swift S1600) a 13:37.7<br \/>\n7\u00ba Marban-Ferrero (Mitsubishi Evo X) a 14:21.0<br \/>\n8\u00ba Pujol-Rosell (Ford Fiesta R2) a 14:58.1<br \/>\n9\u00ba D\u00edaz-Gonz\u00e1lez (Ford Fiesta R2) a 15:48.5<br \/>\n10\u00ba Carchat-Ribeiro (Suzuki Swift Sport) a 18:21.9<\/p>\n","protected":false},"excerpt":{"rendered":"<p>VER FOTOS DEL RALLYE DE OURENSE Tras el liderato inicial de Xevi Pons con el Fiesta S2000, Miguel Fuster se impon\u00eda en un Rallye de Ourense en el que hubo una gran cantidad de abandonos y con este resultado se pon\u00eda l\u00edder del Campeonato de Espa\u00f1a. En el shakedown se quedaban Sergio Vallejo y Alberto [&hellip;]<\/p>\n","protected":false},"author":1,"featured_media":0,"comment_status":"closed","ping_status":"closed","sticky":false,"template":"","format":"standard","meta":{"footnotes":""},"categories":[51,64,5,4],"tags":[],"class_list":["post-993","post","type-post","status-publish","format-standard","hentry","category-antxustegi","category-galicia","category-nacional","category-rallyes"],"_links":{"self":[{"href":"https:\/\/www.mfoto.es\/noticias\/index.php?rest_route=\/wp\/v2\/posts\/993","targetHints":{"allow":["GET"]}}],"collection":[{"href":"https:\/\/www.mfoto.es\/noticias\/index.php?rest_route=\/wp\/v2\/posts"}],"about":[{"href":"https:\/\/www.mfoto.es\/noticias\/index.php?rest_route=\/wp\/v2\/types\/post"}],"author":[{"embeddable":true,"href":"https:\/\/www.mfoto.es\/noticias\/index.php?rest_route=\/wp\/v2\/users\/1"}],"replies":[{"embeddable":true,"href":"https:\/\/www.mfoto.es\/noticias\/index.php?rest_route=%2Fwp%2Fv2%2Fcomments&post=993"}],"version-history":[{"count":0,"href":"https:\/\/www.mfoto.es\/noticias\/index.php?rest_route=\/wp\/v2\/posts\/993\/revisions"}],"wp:attachment":[{"href":"https:\/\/www.mfoto.es\/noticias\/index.php?rest_route=%2Fwp%2Fv2%2Fmedia&parent=993"}],"wp:term":[{"taxonomy":"category","embeddable":true,"href":"https:\/\/www.mfoto.es\/noticias\/index.php?rest_route=%2Fwp%2Fv2%2Fcategories&post=993"},{"taxonomy":"post_tag","embeddable":true,"href":"https:\/\/www.mfoto.es\/noticias\/index.php?rest_route=%2Fwp%2Fv2%2Ftags&post=993"}],"curies":[{"name":"wp","href":"https:\/\/api.w.org\/{rel}","templated":true}]}}