{"id":986,"date":"2011-06-17T15:04:53","date_gmt":"2011-06-17T14:04:53","guid":{"rendered":"http:\/\/www.mfoto.es\/2011\/?p=986"},"modified":"2011-06-17T15:04:53","modified_gmt":"2011-06-17T14:04:53","slug":"gorka-antxustegi-y-txutxi-perez-en-el-rallye-de-ourense","status":"publish","type":"post","link":"https:\/\/www.mfoto.es\/noticias\/?p=986","title":{"rendered":"Gorka Antxustegi y Txutxi P\u00e9rez en el Rallye de Ourense"},"content":{"rendered":"<p><img loading=\"lazy\" decoding=\"async\" class=\"alignnone size-full wp-image-987\" title=\"043_antxustegi_ourense\" src=\"https:\/\/www.mfoto.es\/noticias\/wp-content\/uploads_2012\/043_antxustegi_ourense.jpg\" alt=\"\" width=\"450\" height=\"300\" srcset=\"https:\/\/www.mfoto.es\/noticias\/wp-content\/uploads_2012\/043_antxustegi_ourense.jpg 450w, https:\/\/www.mfoto.es\/noticias\/wp-content\/uploads_2012\/043_antxustegi_ourense-300x200.jpg 300w\" sizes=\"auto, (max-width: 450px) 100vw, 450px\" \/><\/p>\n<p>Los pilotos bizkainos Gorka Antxustegi y Txutxi P\u00e9rez disputar\u00e1n este fin de semana el Rallye de Ourense, quinta prueba del Campeonato de Espa\u00f1a de Rallyes 2011.<\/p>\n<p>Antxustegi pilotar\u00e1 un Suzuki Swift S1600 del equipo Suzuki Ib\u00e9rica, acompa\u00f1ado por el asturiano Gabri Su\u00e1rez, con el que ha conseguido excelentes resultados en las pruebas celebradas hasta ahora.<\/p>\n<p>Txutxi P\u00e9rez, el piloto de Sodupe, copilotado por su hermano Alejandro en el Suzuki Swift Sport, disputar\u00e1n la Copa Suzuki junto a otros 16 equipos.<\/p>\n<p>El Rallye de Ourense consta de 6 tramos, que suman 207 kil\u00f3metros cronometrados, para un recorrido total de 562 kil\u00f3metros.<\/p>\n<p>El comienzo de la prueba est\u00e1 previsto para las 20:15 horas del viernes 17, con la disputa de un tramo superespecial en el pol\u00edgono de San Cipri\u00e1n y el final de la prueba en el podium situado en la Plaza Mayor de Ourense a las 22:10 horas del s\u00e1bado 18.<\/p>\n","protected":false},"excerpt":{"rendered":"<p>Los pilotos bizkainos Gorka Antxustegi y Txutxi P\u00e9rez disputar\u00e1n este fin de semana el Rallye de Ourense, quinta prueba del Campeonato de Espa\u00f1a de Rallyes 2011. Antxustegi pilotar\u00e1 un Suzuki Swift S1600 del equipo Suzuki Ib\u00e9rica, acompa\u00f1ado por el asturiano Gabri Su\u00e1rez, con el que ha conseguido excelentes resultados en las pruebas celebradas hasta ahora. [&hellip;]<\/p>\n","protected":false},"author":1,"featured_media":0,"comment_status":"closed","ping_status":"closed","sticky":false,"template":"","format":"standard","meta":{"footnotes":""},"categories":[51,64,5,4,81],"tags":[],"class_list":["post-986","post","type-post","status-publish","format-standard","hentry","category-antxustegi","category-galicia","category-nacional","category-rallyes","category-txutxi"],"_links":{"self":[{"href":"https:\/\/www.mfoto.es\/noticias\/index.php?rest_route=\/wp\/v2\/posts\/986","targetHints":{"allow":["GET"]}}],"collection":[{"href":"https:\/\/www.mfoto.es\/noticias\/index.php?rest_route=\/wp\/v2\/posts"}],"about":[{"href":"https:\/\/www.mfoto.es\/noticias\/index.php?rest_route=\/wp\/v2\/types\/post"}],"author":[{"embeddable":true,"href":"https:\/\/www.mfoto.es\/noticias\/index.php?rest_route=\/wp\/v2\/users\/1"}],"replies":[{"embeddable":true,"href":"https:\/\/www.mfoto.es\/noticias\/index.php?rest_route=%2Fwp%2Fv2%2Fcomments&post=986"}],"version-history":[{"count":0,"href":"https:\/\/www.mfoto.es\/noticias\/index.php?rest_route=\/wp\/v2\/posts\/986\/revisions"}],"wp:attachment":[{"href":"https:\/\/www.mfoto.es\/noticias\/index.php?rest_route=%2Fwp%2Fv2%2Fmedia&parent=986"}],"wp:term":[{"taxonomy":"category","embeddable":true,"href":"https:\/\/www.mfoto.es\/noticias\/index.php?rest_route=%2Fwp%2Fv2%2Fcategories&post=986"},{"taxonomy":"post_tag","embeddable":true,"href":"https:\/\/www.mfoto.es\/noticias\/index.php?rest_route=%2Fwp%2Fv2%2Ftags&post=986"}],"curies":[{"name":"wp","href":"https:\/\/api.w.org\/{rel}","templated":true}]}}