{"id":980,"date":"2011-06-12T14:14:20","date_gmt":"2011-06-12T13:14:20","guid":{"rendered":"http:\/\/www.mfoto.es\/2011\/?p=980"},"modified":"2011-06-12T14:14:20","modified_gmt":"2011-06-12T13:14:20","slug":"xabier-lujua-se-impone-en-el-rallye-de-zalla","status":"publish","type":"post","link":"https:\/\/www.mfoto.es\/noticias\/?p=980","title":{"rendered":"Xabier Lujua se impone en el Rallye de Zalla"},"content":{"rendered":"<p><img loading=\"lazy\" decoding=\"async\" class=\"alignleft\" src=\"https:\/\/www.mfoto.es\/logos\/foto.gif\" alt=\"\" width=\"50\" height=\"36\" \/><\/p>\n<p><a href=\"https:\/\/www.mfoto.es\/fotos\/2011\/026_zalla\/index.html\">VER FOTOS DEL RALLYE DE ZALLA<\/a><\/p>\n<p><img loading=\"lazy\" decoding=\"async\" class=\"alignnone size-full wp-image-981\" title=\"042_lujua_zalla\" src=\"https:\/\/www.mfoto.es\/noticias\/wp-content\/uploads_2012\/042_lujua_zalla.jpg\" alt=\"\" width=\"450\" height=\"300\" srcset=\"https:\/\/www.mfoto.es\/noticias\/wp-content\/uploads_2012\/042_lujua_zalla.jpg 450w, https:\/\/www.mfoto.es\/noticias\/wp-content\/uploads_2012\/042_lujua_zalla-300x200.jpg 300w\" sizes=\"auto, (max-width: 450px) 100vw, 450px\" \/><\/p>\n<p>El bilba\u00edno Xabier Lujua copilotado por el c\u00e1ntabro Jes\u00fas Estrada domin\u00f3 el Rallye de Zalla ganando cinco de los seis tramos cronometrados con su Mitsubishi EVO X.<\/p>\n<p>En el podium le acompa\u00f1aron Aingeru y Angel Castro con un BMW M3 E30 a 22,2 segundos y Rafa Ateka e Igor Zatika con un Renault Megane\u00a0 Coup\u00e9 a 23,5 segundos.<\/p>\n<p>Mario P\u00e9rez con un Citroen Saxo VTS ganaba la clase 1, Igor Izaguirre ganaba la clase 2 con otro Citroen Saxo, la clase 3 era para Mikel Intxausti con un Peugeot 205 GTI, la clase 4 para\u00a0 Aingeru Castro con el BMW M3 E30, la clase 5 para Iker Gayoso con un Mitsubishi EVO IX, la clase 6 para xabier Lujua con un Mitsubishi EVO X y la clase 9 de veh\u00edculos hist\u00f3ricos era para I\u00f1aki Barredo con un Ford Escort MK I.<\/p>\n<p>La categor\u00eda de F\u00f3rmula Libre iba a parar a manos de Unai Garc\u00eda\u00a0 que estrenaba un Citroen AX proto y la clasificaci\u00f3n Junior era ganada por Ekaitz Ugalde con un Citroen C2.<\/p>\n<p>CLASIFICACI\u00d3N:<br \/>\n1\u00ba Lujua-Estrada (Mitsubishi EVO X) 21:51,8<br \/>\n2\u00ba Castro-Castro (BMW M3 E30) a 00:22,2<br \/>\n3\u00ba Ateka-Zatika (Renault Megane Coup\u00e9) a 00:23,5<br \/>\n4\u00ba Urkiola-Ben\u00edtez (Mitsubishi EVO IX) a 00:36,2<br \/>\n5\u00ba Gayoso-Urresti (Mitsubishi EVO IX) a 00:51,7<br \/>\n6\u00ba Vilari\u00f1o-Apalantza (Subaru Impreza WRC) a 01:13,0<br \/>\n7\u00ba Izagirre-Ruiz (Citro\u00ebn Saxo VTS) a 01:24,5<br \/>\n8\u00ba Blas-Sarratea (Peugeot 106 S16) a 01:47,3<br \/>\n9\u00ba Agreda-Silva (Citro\u00ebn Saxo VTS) a 01:55,1<br \/>\n10\u00ba Moro-Ca\u00f1as (Mitsubishi EVO VI) a 02:01,2<\/p>\n","protected":false},"excerpt":{"rendered":"<p>VER FOTOS DEL RALLYE DE ZALLA El bilba\u00edno Xabier Lujua copilotado por el c\u00e1ntabro Jes\u00fas Estrada domin\u00f3 el Rallye de Zalla ganando cinco de los seis tramos cronometrados con su Mitsubishi EVO X. En el podium le acompa\u00f1aron Aingeru y Angel Castro con un BMW M3 E30 a 22,2 segundos y Rafa Ateka e Igor [&hellip;]<\/p>\n","protected":false},"author":1,"featured_media":0,"comment_status":"closed","ping_status":"closed","sticky":false,"template":"","format":"standard","meta":{"footnotes":""},"categories":[82,9,6,54,4,169],"tags":[],"class_list":["post-980","post","type-post","status-publish","format-standard","hentry","category-ateka","category-bizkaia","category-euskadi","category-lujua","category-rallyes","category-vilarino"],"_links":{"self":[{"href":"https:\/\/www.mfoto.es\/noticias\/index.php?rest_route=\/wp\/v2\/posts\/980","targetHints":{"allow":["GET"]}}],"collection":[{"href":"https:\/\/www.mfoto.es\/noticias\/index.php?rest_route=\/wp\/v2\/posts"}],"about":[{"href":"https:\/\/www.mfoto.es\/noticias\/index.php?rest_route=\/wp\/v2\/types\/post"}],"author":[{"embeddable":true,"href":"https:\/\/www.mfoto.es\/noticias\/index.php?rest_route=\/wp\/v2\/users\/1"}],"replies":[{"embeddable":true,"href":"https:\/\/www.mfoto.es\/noticias\/index.php?rest_route=%2Fwp%2Fv2%2Fcomments&post=980"}],"version-history":[{"count":0,"href":"https:\/\/www.mfoto.es\/noticias\/index.php?rest_route=\/wp\/v2\/posts\/980\/revisions"}],"wp:attachment":[{"href":"https:\/\/www.mfoto.es\/noticias\/index.php?rest_route=%2Fwp%2Fv2%2Fmedia&parent=980"}],"wp:term":[{"taxonomy":"category","embeddable":true,"href":"https:\/\/www.mfoto.es\/noticias\/index.php?rest_route=%2Fwp%2Fv2%2Fcategories&post=980"},{"taxonomy":"post_tag","embeddable":true,"href":"https:\/\/www.mfoto.es\/noticias\/index.php?rest_route=%2Fwp%2Fv2%2Ftags&post=980"}],"curies":[{"name":"wp","href":"https:\/\/api.w.org\/{rel}","templated":true}]}}