{"id":962,"date":"2011-06-07T14:08:15","date_gmt":"2011-06-07T13:08:15","guid":{"rendered":"http:\/\/www.mfoto.es\/2011\/?p=962"},"modified":"2011-06-07T14:08:15","modified_gmt":"2011-06-07T13:08:15","slug":"victoria-de-xevi-pons-en-el-rallye-rias-baixas","status":"publish","type":"post","link":"https:\/\/www.mfoto.es\/noticias\/?p=962","title":{"rendered":"Victoria de Xevi Pons en el Rallye R\u00edas Baixas"},"content":{"rendered":"<p><img loading=\"lazy\" decoding=\"async\" class=\"alignleft\" src=\"https:\/\/www.mfoto.es\/logos\/foto.gif\" alt=\"\" width=\"50\" height=\"36\" \/><\/p>\n<p><a href=\"https:\/\/www.mfoto.es\/fotos\/2011\/024_rias_baixas\/index.html\">VER FOTOS DEL RALLYE R\u00cdAS BAIXAS<\/a><\/p>\n<p><img loading=\"lazy\" decoding=\"async\" class=\"alignnone size-full wp-image-963\" title=\"039_pons_rias_baixas\" src=\"https:\/\/www.mfoto.es\/noticias\/wp-content\/uploads_2012\/039_pons_rias_baixas.jpg\" alt=\"\" width=\"450\" height=\"300\" srcset=\"https:\/\/www.mfoto.es\/noticias\/wp-content\/uploads_2012\/039_pons_rias_baixas.jpg 450w, https:\/\/www.mfoto.es\/noticias\/wp-content\/uploads_2012\/039_pons_rias_baixas-300x200.jpg 300w\" sizes=\"auto, (max-width: 450px) 100vw, 450px\" \/><\/p>\n<p>Xevi Pons con el Ford Fiesta S2000 domin\u00f3 el Rallye R\u00edas Baixas, ganando cinco tramos cronometrados y aguantando con ruedas de seco, cuando el el tramo de Mondariz cay\u00f3 un gran aguacero.<\/p>\n<p>Miguel Fuster consegu\u00eda la segunda plaza con el Porsche 911 GT3 a 21 segundos, tras hacer tres scratch y la tercera plaza del podium finalmente era para Jonathan P\u00e9rez con el Peugeot 207 S2000, a 3:33,8, tras los abandonos a \u00faltima hora de Sergio Vallejo y V\u00edctor Senra, ambos por problemas de motor y una penalizaci\u00f3n de 6 minutos impuesta a Alberto Meira, que le hizo perder 5 puestos en la clasificaci\u00f3n final.<\/p>\n<p>Joan Vinyes y Gorka Antxustegi encabezaban la Challenge Hankook de 2 ruedas motrices.<\/p>\n<p>La victoria en la copa Suzuki Swift correspond\u00eda al catal\u00e1n Luis P\u00e9rez, seguido del andorrano Joan Carchat y del piloto local Pablo Pazo.<\/p>\n<p>En el trofeo de Espa\u00f1a R2, Ferr\u00e1n Pujol con Un Ford Fiesta se adjudicaba la victoria, seguido por los Renault Twingo de Miguel Arias y Rub\u00e9n Gracia. Miguel Arias era el vencedor con bastante ventaja de la Challenge Twingo R2.<\/p>\n<p>El Trofeo de Espa\u00f1a Junior iba a parar a manos de Alex Teixidor que pilotaba un Suzuki Swift de la copa y la Mitsubishi EVO Cup era ganada por el \u00fanico superviviente, el madrile\u00f1o Daniel Marb\u00e1n.<\/p>\n<p>CLASIFICACI\u00d3N FINAL:<\/p>\n<p>1\u00ba Pons-Haro (Ford Fiesta S2000) 1:37:42.5<br \/>\n2\u00ba Fuster-Avi\u00f1o (Porsche 911 GT3) a 21.7<br \/>\n3\u00ba P\u00e9rez-Velasco (Peugeot 207 S2000) a 3:33.8<br \/>\n4\u00ba Vinyes-Mercader (Suzuki Swift S1600) a 3:38.3<br \/>\n5\u00ba Antxustegi-Suarez (Suzuki Swift S1600) a 5:18.0<\/p>\n","protected":false},"excerpt":{"rendered":"<p>VER FOTOS DEL RALLYE R\u00cdAS BAIXAS Xevi Pons con el Ford Fiesta S2000 domin\u00f3 el Rallye R\u00edas Baixas, ganando cinco tramos cronometrados y aguantando con ruedas de seco, cuando el el tramo de Mondariz cay\u00f3 un gran aguacero. Miguel Fuster consegu\u00eda la segunda plaza con el Porsche 911 GT3 a 21 segundos, tras hacer tres [&hellip;]<\/p>\n","protected":false},"author":1,"featured_media":0,"comment_status":"closed","ping_status":"closed","sticky":false,"template":"","format":"standard","meta":{"footnotes":""},"categories":[51,64,5,178,4,81],"tags":[],"class_list":["post-962","post","type-post","status-publish","format-standard","hentry","category-antxustegi","category-galicia","category-nacional","category-olabegogeaskoetxea","category-rallyes","category-txutxi"],"_links":{"self":[{"href":"https:\/\/www.mfoto.es\/noticias\/index.php?rest_route=\/wp\/v2\/posts\/962","targetHints":{"allow":["GET"]}}],"collection":[{"href":"https:\/\/www.mfoto.es\/noticias\/index.php?rest_route=\/wp\/v2\/posts"}],"about":[{"href":"https:\/\/www.mfoto.es\/noticias\/index.php?rest_route=\/wp\/v2\/types\/post"}],"author":[{"embeddable":true,"href":"https:\/\/www.mfoto.es\/noticias\/index.php?rest_route=\/wp\/v2\/users\/1"}],"replies":[{"embeddable":true,"href":"https:\/\/www.mfoto.es\/noticias\/index.php?rest_route=%2Fwp%2Fv2%2Fcomments&post=962"}],"version-history":[{"count":0,"href":"https:\/\/www.mfoto.es\/noticias\/index.php?rest_route=\/wp\/v2\/posts\/962\/revisions"}],"wp:attachment":[{"href":"https:\/\/www.mfoto.es\/noticias\/index.php?rest_route=%2Fwp%2Fv2%2Fmedia&parent=962"}],"wp:term":[{"taxonomy":"category","embeddable":true,"href":"https:\/\/www.mfoto.es\/noticias\/index.php?rest_route=%2Fwp%2Fv2%2Fcategories&post=962"},{"taxonomy":"post_tag","embeddable":true,"href":"https:\/\/www.mfoto.es\/noticias\/index.php?rest_route=%2Fwp%2Fv2%2Ftags&post=962"}],"curies":[{"name":"wp","href":"https:\/\/api.w.org\/{rel}","templated":true}]}}