{"id":958,"date":"2011-06-07T14:05:17","date_gmt":"2011-06-07T13:05:17","guid":{"rendered":"http:\/\/www.mfoto.es\/2011\/?p=958"},"modified":"2011-06-07T14:05:17","modified_gmt":"2011-06-07T13:05:17","slug":"suerte-desigual-para-los-equipos-vascos-en-el-rallye-rias-baixas","status":"publish","type":"post","link":"https:\/\/www.mfoto.es\/noticias\/?p=958","title":{"rendered":"Suerte desigual para los equipos vascos en el Rallye R\u00edas Baixas"},"content":{"rendered":"<p><img loading=\"lazy\" decoding=\"async\" class=\"alignleft\" src=\"https:\/\/www.mfoto.es\/logos\/foto.gif\" alt=\"\" width=\"50\" height=\"36\" \/><\/p>\n<p><a href=\"https:\/\/www.mfoto.es\/fotos\/2011\/024_rias_baixas\/index.html\">VER FOTOS DEL RALLYE R\u00cdAS BAIXAS<\/a><\/p>\n<p><img loading=\"lazy\" decoding=\"async\" class=\"alignnone size-full wp-image-959\" title=\"038_antxustegi_rias_baixas\" src=\"https:\/\/www.mfoto.es\/noticias\/wp-content\/uploads_2012\/038_antxustegi_rias_baixas.jpg\" alt=\"\" width=\"450\" height=\"300\" srcset=\"https:\/\/www.mfoto.es\/noticias\/wp-content\/uploads_2012\/038_antxustegi_rias_baixas.jpg 450w, https:\/\/www.mfoto.es\/noticias\/wp-content\/uploads_2012\/038_antxustegi_rias_baixas-300x200.jpg 300w\" sizes=\"auto, (max-width: 450px) 100vw, 450px\" \/><\/p>\n<p>Los pilotos vascos tuvieron una actuaci\u00f3n desigual en el Rallye R\u00edas Baixas, Gorka Antxustegi con el Suzuki Swift S1600 del equipo Suzuki Ib\u00e9rica, terminaba en una sobresaliente quinta posici\u00f3n absoluta y segundo de la Challenge Hankook reservada a los veh\u00edculos de dos ruedas motrices.<\/p>\n<p>Encuadrados dentro de la Copa Suzuki, el equipo de Durangalde Racing, formado por I\u00f1igo Olabegogeaskoetxea y Aketza Santa Coloma, terminaban en la trig\u00e9sima posici\u00f3n de la general y decimotercera de la Copa Suzuki y los hermanos Txutxi y Alejandro P\u00e9rez de Mungia Racing, terminaban en trig\u00e9simosexta posici\u00f3n y decimoquinta en la Copa Suzuki, tras perder m\u00e1s de 6 minutos en el \u00faltimo tramo.<\/p>\n<p>La victoria absoluta de la prueba era para el catal\u00e1n Xevi Pons con un Ford Fiesta S2000.<\/p>\n<p>CLASIFICACI\u00d3N FINAL:<\/p>\n<p>1\u00ba Pons-Haro (Ford Fiesta S2000) 1:37:42.5<br \/>\n2\u00ba Fuster-Avi\u00f1o (Porsche 911 GT3) a 21.7<br \/>\n3\u00ba P\u00e9rez-Velasco (Peugeot 207 S2000) a 3:33.8<br \/>\n4\u00ba Vinyes-Mercader (Suzuki Swift S1600) a 3:38.3<br \/>\n<strong>5\u00ba Antxustegi-Suarez (Suzuki Swift S1600) a 5:18.0<\/strong><br \/>\n&#8212;&#8212;&#8212;&#8212;&#8212;&#8212;&#8212;&#8212;&#8212;&#8212;&#8212;-<br \/>\n<strong>30\u00ba Olabegogeaskoetxea-Santacoloma (Suzuki Swift) a 17:53.7<\/strong><br \/>\n&#8212;&#8212;&#8212;&#8212;&#8212;&#8212;&#8212;&#8212;&#8212;&#8212;&#8212;-<br \/>\n<strong>36\u00ba P\u00e9rez-P\u00e9rez (Suzuki Swift) a 22:14.5<\/strong><\/p>\n","protected":false},"excerpt":{"rendered":"<p>VER FOTOS DEL RALLYE R\u00cdAS BAIXAS Los pilotos vascos tuvieron una actuaci\u00f3n desigual en el Rallye R\u00edas Baixas, Gorka Antxustegi con el Suzuki Swift S1600 del equipo Suzuki Ib\u00e9rica, terminaba en una sobresaliente quinta posici\u00f3n absoluta y segundo de la Challenge Hankook reservada a los veh\u00edculos de dos ruedas motrices. Encuadrados dentro de la Copa [&hellip;]<\/p>\n","protected":false},"author":1,"featured_media":0,"comment_status":"closed","ping_status":"closed","sticky":false,"template":"","format":"standard","meta":{"footnotes":""},"categories":[51,64,5,178,4,81],"tags":[],"class_list":["post-958","post","type-post","status-publish","format-standard","hentry","category-antxustegi","category-galicia","category-nacional","category-olabegogeaskoetxea","category-rallyes","category-txutxi"],"_links":{"self":[{"href":"https:\/\/www.mfoto.es\/noticias\/index.php?rest_route=\/wp\/v2\/posts\/958","targetHints":{"allow":["GET"]}}],"collection":[{"href":"https:\/\/www.mfoto.es\/noticias\/index.php?rest_route=\/wp\/v2\/posts"}],"about":[{"href":"https:\/\/www.mfoto.es\/noticias\/index.php?rest_route=\/wp\/v2\/types\/post"}],"author":[{"embeddable":true,"href":"https:\/\/www.mfoto.es\/noticias\/index.php?rest_route=\/wp\/v2\/users\/1"}],"replies":[{"embeddable":true,"href":"https:\/\/www.mfoto.es\/noticias\/index.php?rest_route=%2Fwp%2Fv2%2Fcomments&post=958"}],"version-history":[{"count":0,"href":"https:\/\/www.mfoto.es\/noticias\/index.php?rest_route=\/wp\/v2\/posts\/958\/revisions"}],"wp:attachment":[{"href":"https:\/\/www.mfoto.es\/noticias\/index.php?rest_route=%2Fwp%2Fv2%2Fmedia&parent=958"}],"wp:term":[{"taxonomy":"category","embeddable":true,"href":"https:\/\/www.mfoto.es\/noticias\/index.php?rest_route=%2Fwp%2Fv2%2Fcategories&post=958"},{"taxonomy":"post_tag","embeddable":true,"href":"https:\/\/www.mfoto.es\/noticias\/index.php?rest_route=%2Fwp%2Fv2%2Ftags&post=958"}],"curies":[{"name":"wp","href":"https:\/\/api.w.org\/{rel}","templated":true}]}}