{"id":954,"date":"2011-06-03T17:51:04","date_gmt":"2011-06-03T16:51:04","guid":{"rendered":"http:\/\/www.mfoto.es\/2011\/?p=954"},"modified":"2011-06-03T17:51:04","modified_gmt":"2011-06-03T16:51:04","slug":"tres-equipos-vascos-en-el-rallye-rias-baixas","status":"publish","type":"post","link":"https:\/\/www.mfoto.es\/noticias\/?p=954","title":{"rendered":"Tres equipos vascos en el Rallye R\u00edas Baixas"},"content":{"rendered":"<p><img loading=\"lazy\" decoding=\"async\" class=\"alignnone size-full wp-image-955\" title=\"037_vascos_rias_baixas\" src=\"https:\/\/www.mfoto.es\/noticias\/wp-content\/uploads_2012\/037_vascos_rias_baixas.jpg\" alt=\"\" width=\"450\" height=\"300\" srcset=\"https:\/\/www.mfoto.es\/noticias\/wp-content\/uploads_2012\/037_vascos_rias_baixas.jpg 450w, https:\/\/www.mfoto.es\/noticias\/wp-content\/uploads_2012\/037_vascos_rias_baixas-300x200.jpg 300w\" sizes=\"auto, (max-width: 450px) 100vw, 450px\" \/><\/p>\n<p>Tres equipos vascos disputar\u00e1n el Rallye R\u00edas Baixas, valedero para el Campeonato de Espa\u00f1a de Rallyes, los d\u00edas 3 y 4 de Junio en Galicia, en la provincia de Pontevedra. El R\u00edas Baixas ser\u00e1 la cuarta prueba del Campeonato de Espa\u00f1a de Rallyes de Asfalto 2011.<\/p>\n<p>Gorka Antxustegi acompa\u00f1ado por el asturiano Gabriel Su\u00e1rez, con un Suzuki Swift S1600 del equipo oficial Suzuki Ib\u00e9rica, con opciones a las primeras plazas de los veh\u00edculos de dos ruedas motrices.<\/p>\n<p>Englobados en la Copa Suzuki Swift, que cuenta con 18 equipos inscritos, participar\u00e1n los hermanos Txutxi y Alejandro P\u00e9rez de Sodupe y el equipo formado por I\u00f1igo Olabegogeaskoetxea y Aketza Santacoloma de la zona de Durango.<\/p>\n<p>El Rallye R\u00edas Baixas est\u00e1 contar\u00e1 con diez tramos cronometrados que sumar\u00e1n 166 kil\u00f3metros, dentro de un recorrido total de 421 kil\u00f3metros. Los equipos tomar\u00e1n la salida, el s\u00e1bado d\u00eda 4, desde el parque de asistencias situado en el Instituto Feiral de Vigo (IFEVI) a las 7:15 y el final de la prueba ser\u00e1 a las 21:50 horas en la calle Pr\u00edncipe de Vigo.<\/p>\n","protected":false},"excerpt":{"rendered":"<p>Tres equipos vascos disputar\u00e1n el Rallye R\u00edas Baixas, valedero para el Campeonato de Espa\u00f1a de Rallyes, los d\u00edas 3 y 4 de Junio en Galicia, en la provincia de Pontevedra. El R\u00edas Baixas ser\u00e1 la cuarta prueba del Campeonato de Espa\u00f1a de Rallyes de Asfalto 2011. Gorka Antxustegi acompa\u00f1ado por el asturiano Gabriel Su\u00e1rez, con [&hellip;]<\/p>\n","protected":false},"author":1,"featured_media":0,"comment_status":"closed","ping_status":"closed","sticky":false,"template":"","format":"standard","meta":{"footnotes":""},"categories":[51,64,5,178,4,81],"tags":[],"class_list":["post-954","post","type-post","status-publish","format-standard","hentry","category-antxustegi","category-galicia","category-nacional","category-olabegogeaskoetxea","category-rallyes","category-txutxi"],"_links":{"self":[{"href":"https:\/\/www.mfoto.es\/noticias\/index.php?rest_route=\/wp\/v2\/posts\/954","targetHints":{"allow":["GET"]}}],"collection":[{"href":"https:\/\/www.mfoto.es\/noticias\/index.php?rest_route=\/wp\/v2\/posts"}],"about":[{"href":"https:\/\/www.mfoto.es\/noticias\/index.php?rest_route=\/wp\/v2\/types\/post"}],"author":[{"embeddable":true,"href":"https:\/\/www.mfoto.es\/noticias\/index.php?rest_route=\/wp\/v2\/users\/1"}],"replies":[{"embeddable":true,"href":"https:\/\/www.mfoto.es\/noticias\/index.php?rest_route=%2Fwp%2Fv2%2Fcomments&post=954"}],"version-history":[{"count":0,"href":"https:\/\/www.mfoto.es\/noticias\/index.php?rest_route=\/wp\/v2\/posts\/954\/revisions"}],"wp:attachment":[{"href":"https:\/\/www.mfoto.es\/noticias\/index.php?rest_route=%2Fwp%2Fv2%2Fmedia&parent=954"}],"wp:term":[{"taxonomy":"category","embeddable":true,"href":"https:\/\/www.mfoto.es\/noticias\/index.php?rest_route=%2Fwp%2Fv2%2Fcategories&post=954"},{"taxonomy":"post_tag","embeddable":true,"href":"https:\/\/www.mfoto.es\/noticias\/index.php?rest_route=%2Fwp%2Fv2%2Ftags&post=954"}],"curies":[{"name":"wp","href":"https:\/\/api.w.org\/{rel}","templated":true}]}}