{"id":939,"date":"2011-05-30T17:06:05","date_gmt":"2011-05-30T16:06:05","guid":{"rendered":"http:\/\/www.mfoto.es\/2011\/?p=939"},"modified":"2011-05-30T17:06:05","modified_gmt":"2011-05-30T16:06:05","slug":"dominio-de-ferreiro-en-el-rallye-de-lierganes","status":"publish","type":"post","link":"https:\/\/www.mfoto.es\/noticias\/?p=939","title":{"rendered":"Dominio de Ferreiro en el Rallye de Li\u00e9rganes"},"content":{"rendered":"<p><img loading=\"lazy\" decoding=\"async\" class=\"alignleft\" src=\"https:\/\/www.mfoto.es\/logos\/foto.gif\" alt=\"\" width=\"50\" height=\"36\" \/><\/p>\n<p><a href=\"https:\/\/www.mfoto.es\/fotos\/2011\/023_lierganes\/index.html\">VER FOTOS DEL RALLYE DE LI\u00c9RGANES<\/a><\/p>\n<p><img loading=\"lazy\" decoding=\"async\" class=\"alignnone size-full wp-image-940\" title=\"036_ferreiro_lierganes\" src=\"https:\/\/www.mfoto.es\/noticias\/wp-content\/uploads_2012\/036_ferreiro_lierganes.jpg\" alt=\"\" width=\"450\" height=\"300\" srcset=\"https:\/\/www.mfoto.es\/noticias\/wp-content\/uploads_2012\/036_ferreiro_lierganes.jpg 450w, https:\/\/www.mfoto.es\/noticias\/wp-content\/uploads_2012\/036_ferreiro_lierganes-300x200.jpg 300w\" sizes=\"auto, (max-width: 450px) 100vw, 450px\" \/><\/p>\n<p>El piloto gallego Jes\u00fas Ferreiro con su Porsche 911, no di\u00f3 opciones a nadie y gan\u00f3 todos los tramos en el Rallye de Li\u00e9rganes, que puntuaba para la Copa de Espa\u00f1a de Velocidad de Veh\u00edculos Hist\u00f3ricos. La segunda plaza fue para el asturiano Pablo L\u00f3pez con un Ford Escort a 3:25 y la tercera para el c\u00e1ntabro Mario Barqu\u00edn con un Opel Manta ya a m\u00e1s de cinco minutos.<\/p>\n<p>En la clasificaci\u00f3n de regularidad, el ganador era Juan Breda con un Ford Escort RS 2000 MK-II, seguido por el c\u00e1ntabro Angel Bustamante con un Ford Escort MK-I y por el bilba\u00edno Manu Bilbao con un Porsche 911 SC con diferencias m\u00ednimas entre todos ellos.<\/p>\n<p>CLASIFICACI\u00d3N VELOCIDAD:<br \/>\n1\u00ba Ferreiro-Anido (Porsche Carrera RS) 1:01:07.7<br \/>\n2\u00ba L\u00f3pez-Rodr\u00edguez (Ford Escort RS) a 3:25.8<br \/>\n3\u00ba Barqu\u00edn-P\u00e9rez\u00a0 (Opel Manta) a 5:29.9<br \/>\n4\u00ba Zorrilla-Vidal (Opel Ascona) a 5:55.8<br \/>\n5\u00ba Bobes-Garc\u00eda (Ford Escort RS) a 7:00.8<\/p>\n<p>CLASIFICACI\u00d3N REGULARIDAD:<br \/>\n1\u00ba Breda-Ala\u00f1a (Ford Escort MK-II) 102.5<br \/>\n2\u00ba Bustamante-Cay\u00f3n (Ford Escort MK-I) 114.2<br \/>\n3\u00ba Bilbao-Rodr\u00edguez (Porsche 911 SC) 121.2<br \/>\n4\u00ba Gonz\u00e1lez-Gonz\u00e1lez (Ford Escort MK-I) 130.6<br \/>\n5\u00ba Garc\u00eda-Garc\u00eda (Ford Escort MK-II) 133.0<\/p>\n","protected":false},"excerpt":{"rendered":"<p>VER FOTOS DEL RALLYE DE LI\u00c9RGANES El piloto gallego Jes\u00fas Ferreiro con su Porsche 911, no di\u00f3 opciones a nadie y gan\u00f3 todos los tramos en el Rallye de Li\u00e9rganes, que puntuaba para la Copa de Espa\u00f1a de Velocidad de Veh\u00edculos Hist\u00f3ricos. La segunda plaza fue para el asturiano Pablo L\u00f3pez con un Ford Escort [&hellip;]<\/p>\n","protected":false},"author":1,"featured_media":0,"comment_status":"closed","ping_status":"closed","sticky":false,"template":"","format":"standard","meta":{"footnotes":""},"categories":[10,16,5,4],"tags":[],"class_list":["post-939","post","type-post","status-publish","format-standard","hentry","category-cantabria","category-clasicos","category-nacional","category-rallyes"],"_links":{"self":[{"href":"https:\/\/www.mfoto.es\/noticias\/index.php?rest_route=\/wp\/v2\/posts\/939","targetHints":{"allow":["GET"]}}],"collection":[{"href":"https:\/\/www.mfoto.es\/noticias\/index.php?rest_route=\/wp\/v2\/posts"}],"about":[{"href":"https:\/\/www.mfoto.es\/noticias\/index.php?rest_route=\/wp\/v2\/types\/post"}],"author":[{"embeddable":true,"href":"https:\/\/www.mfoto.es\/noticias\/index.php?rest_route=\/wp\/v2\/users\/1"}],"replies":[{"embeddable":true,"href":"https:\/\/www.mfoto.es\/noticias\/index.php?rest_route=%2Fwp%2Fv2%2Fcomments&post=939"}],"version-history":[{"count":0,"href":"https:\/\/www.mfoto.es\/noticias\/index.php?rest_route=\/wp\/v2\/posts\/939\/revisions"}],"wp:attachment":[{"href":"https:\/\/www.mfoto.es\/noticias\/index.php?rest_route=%2Fwp%2Fv2%2Fmedia&parent=939"}],"wp:term":[{"taxonomy":"category","embeddable":true,"href":"https:\/\/www.mfoto.es\/noticias\/index.php?rest_route=%2Fwp%2Fv2%2Fcategories&post=939"},{"taxonomy":"post_tag","embeddable":true,"href":"https:\/\/www.mfoto.es\/noticias\/index.php?rest_route=%2Fwp%2Fv2%2Ftags&post=939"}],"curies":[{"name":"wp","href":"https:\/\/api.w.org\/{rel}","templated":true}]}}