{"id":935,"date":"2011-05-30T15:15:34","date_gmt":"2011-05-30T14:15:34","guid":{"rendered":"http:\/\/www.mfoto.es\/2011\/?p=935"},"modified":"2011-05-30T15:15:34","modified_gmt":"2011-05-30T14:15:34","slug":"victoria-de-oscar-palacio-en-la-subida-a-munco","status":"publish","type":"post","link":"https:\/\/www.mfoto.es\/noticias\/?p=935","title":{"rendered":"Victoria de Oscar Palacio en la Subida a Munc\u00f3"},"content":{"rendered":"<p><img loading=\"lazy\" decoding=\"async\" class=\"alignleft\" src=\"https:\/\/www.mfoto.es\/logos\/foto.gif\" alt=\"\" width=\"50\" height=\"36\" \/><\/p>\n<p><a href=\"https:\/\/www.mfoto.es\/fotos\/2011\/021_munco\/index.html\">VER FOTOS DE LA SUBIDA A MUNC\u00d3<\/a><\/p>\n<p><img loading=\"lazy\" decoding=\"async\" class=\"alignnone size-full wp-image-936\" title=\"035_palacio_munco\" src=\"https:\/\/www.mfoto.es\/noticias\/wp-content\/uploads_2012\/035_palacio_munco.jpg\" alt=\"\" width=\"450\" height=\"300\" srcset=\"https:\/\/www.mfoto.es\/noticias\/wp-content\/uploads_2012\/035_palacio_munco.jpg 450w, https:\/\/www.mfoto.es\/noticias\/wp-content\/uploads_2012\/035_palacio_munco-300x200.jpg 300w\" sizes=\"auto, (max-width: 450px) 100vw, 450px\" \/><\/p>\n<p>Oscar Palacio se impon\u00eda en la Subida a Munc\u00f3, celebrada en Asturias en el municipio de Pola de Siero, con un Silver Car CM. La segunda plaza era para Ferm\u00edn Busta con un BRC CM a 1.5 segundos y la tercera era para Rafael Guardiola con un f\u00f3rmula Reynard a 2.5 segundos.<\/p>\n<p>El primer turismo clasificado era el piloto local Alberto Hevia, con el Skoda Fabia S2000 que usa en el Campeonato de Espa\u00f1a de Rallyes.<\/p>\n<p>CLASIFICACI\u00d3N:<br \/>\n1\u00ba Palacio (Silver Car S2) 2:00.489<br \/>\n2\u00ba Busta (BRC 05 Evo) 2:02.064<br \/>\n3\u00ba Guardiola (Reynard RF 10S) 2:03.054<br \/>\n4\u00ba Nach\u00f3n (BRC 05 Evo) 2:04.518<br \/>\n5\u00ba Cand\u00e1s (Norma M20) 2:06.540<\/p>\n","protected":false},"excerpt":{"rendered":"<p>VER FOTOS DE LA SUBIDA A MUNC\u00d3 Oscar Palacio se impon\u00eda en la Subida a Munc\u00f3, celebrada en Asturias en el municipio de Pola de Siero, con un Silver Car CM. La segunda plaza era para Ferm\u00edn Busta con un BRC CM a 1.5 segundos y la tercera era para Rafael Guardiola con un f\u00f3rmula [&hellip;]<\/p>\n","protected":false},"author":1,"featured_media":0,"comment_status":"closed","ping_status":"closed","sticky":false,"template":"","format":"standard","meta":{"footnotes":""},"categories":[15,177,4],"tags":[],"class_list":["post-935","post","type-post","status-publish","format-standard","hentry","category-asturias","category-montana","category-rallyes"],"_links":{"self":[{"href":"https:\/\/www.mfoto.es\/noticias\/index.php?rest_route=\/wp\/v2\/posts\/935","targetHints":{"allow":["GET"]}}],"collection":[{"href":"https:\/\/www.mfoto.es\/noticias\/index.php?rest_route=\/wp\/v2\/posts"}],"about":[{"href":"https:\/\/www.mfoto.es\/noticias\/index.php?rest_route=\/wp\/v2\/types\/post"}],"author":[{"embeddable":true,"href":"https:\/\/www.mfoto.es\/noticias\/index.php?rest_route=\/wp\/v2\/users\/1"}],"replies":[{"embeddable":true,"href":"https:\/\/www.mfoto.es\/noticias\/index.php?rest_route=%2Fwp%2Fv2%2Fcomments&post=935"}],"version-history":[{"count":0,"href":"https:\/\/www.mfoto.es\/noticias\/index.php?rest_route=\/wp\/v2\/posts\/935\/revisions"}],"wp:attachment":[{"href":"https:\/\/www.mfoto.es\/noticias\/index.php?rest_route=%2Fwp%2Fv2%2Fmedia&parent=935"}],"wp:term":[{"taxonomy":"category","embeddable":true,"href":"https:\/\/www.mfoto.es\/noticias\/index.php?rest_route=%2Fwp%2Fv2%2Fcategories&post=935"},{"taxonomy":"post_tag","embeddable":true,"href":"https:\/\/www.mfoto.es\/noticias\/index.php?rest_route=%2Fwp%2Fv2%2Ftags&post=935"}],"curies":[{"name":"wp","href":"https:\/\/api.w.org\/{rel}","templated":true}]}}