{"id":913,"date":"2011-05-16T14:31:00","date_gmt":"2011-05-16T13:31:00","guid":{"rendered":"http:\/\/www.mfoto.es\/2011\/?p=913"},"modified":"2011-05-16T14:31:00","modified_gmt":"2011-05-16T13:31:00","slug":"el-rallye-cantabria-infinita-para-xevi-pons","status":"publish","type":"post","link":"https:\/\/www.mfoto.es\/noticias\/?p=913","title":{"rendered":"El Rallye Cantabria Infinita para Xevi Pons"},"content":{"rendered":"<p><img loading=\"lazy\" decoding=\"async\" class=\"alignleft\" src=\"https:\/\/www.mfoto.es\/logos\/foto.gif\" alt=\"\" width=\"50\" height=\"36\" \/><\/p>\n<p><a href=\"https:\/\/www.mfoto.es\/fotos\/2011\/019_cantabria\/index.html\">VER FOTOS DEL RALLYE CANTABRIA INFINITA<\/a><\/p>\n<p><img loading=\"lazy\" decoding=\"async\" class=\"alignnone size-full wp-image-914\" title=\"031_pons_cantabria\" src=\"https:\/\/www.mfoto.es\/noticias\/wp-content\/uploads_2012\/031_pons_cantabria.jpg\" alt=\"\" width=\"450\" height=\"300\" srcset=\"https:\/\/www.mfoto.es\/noticias\/wp-content\/uploads_2012\/031_pons_cantabria.jpg 450w, https:\/\/www.mfoto.es\/noticias\/wp-content\/uploads_2012\/031_pons_cantabria-300x200.jpg 300w\" sizes=\"auto, (max-width: 450px) 100vw, 450px\" \/><\/p>\n<p>Xevi Pons lograba la victoria con el Ford Fiesta S2000 en un Rallye Cantabria Infinita marcado por la lluvia, tras estar luchando durante toda la jornada con Alberto hevia y el Skoda Fabia S2000.<\/p>\n<p>Pons tuvo problemas con la direcci\u00f3n asistida en los \u00faltimos tramos y Hevia se vi\u00f3 obligado a retirarse antes del \u00faltimo tramo por un fallo mec\u00e1nico.<\/p>\n<p>La segunda plaza era para los hermanos Vallejo con el Lotus Exige y la tercera para Senra con el Peugeot 306 Maxi.<\/p>\n<p>A destacar la carrera de Enrique Garc\u00eda ojeda con el peque\u00f1o Ford Fiesta R2, que se met\u00eda en los tiempos de los S2000 en varios tramos, para terminar en la cuarta posici\u00f3n con un coche mec\u00e1nicamente inferior.<\/p>\n<p>La Mitsubishi Evo Cup era para Fracisco Javier Espa\u00f1a, la clasificaci\u00f3n Junior para Surhayen Pern\u00eda con un Citroen C2 y Dani Pe\u00f1a con un Citroen C2 R2 venc\u00eda en el Campeonato Auton\u00f3mico.<\/p>\n<p>CLASIFICACI\u00d3N:<\/p>\n<p>1\u00ba Pons-Haro (Ford Fiesta S2000) 1:42:17.5<br \/>\n2\u00ba Vallejo-Vallejo (Lotus Exige Rallye) a 48.5<br \/>\n3\u00ba Senra-Vazquez (Peugeot 306 Maxi) a 2:09.4<br \/>\n4\u00ba Ojeda-Marcos (Ford Fiesta R2) a 3:29.6<br \/>\n5\u00ba Espa\u00f1a-Garc\u00eda (Mitsubishi Evo X) a 4:22.9<\/p>\n","protected":false},"excerpt":{"rendered":"<p>VER FOTOS DEL RALLYE CANTABRIA INFINITA Xevi Pons lograba la victoria con el Ford Fiesta S2000 en un Rallye Cantabria Infinita marcado por la lluvia, tras estar luchando durante toda la jornada con Alberto hevia y el Skoda Fabia S2000. Pons tuvo problemas con la direcci\u00f3n asistida en los \u00faltimos tramos y Hevia se vi\u00f3 [&hellip;]<\/p>\n","protected":false},"author":1,"featured_media":0,"comment_status":"closed","ping_status":"closed","sticky":false,"template":"","format":"standard","meta":{"footnotes":""},"categories":[10,5,4],"tags":[],"class_list":["post-913","post","type-post","status-publish","format-standard","hentry","category-cantabria","category-nacional","category-rallyes"],"_links":{"self":[{"href":"https:\/\/www.mfoto.es\/noticias\/index.php?rest_route=\/wp\/v2\/posts\/913","targetHints":{"allow":["GET"]}}],"collection":[{"href":"https:\/\/www.mfoto.es\/noticias\/index.php?rest_route=\/wp\/v2\/posts"}],"about":[{"href":"https:\/\/www.mfoto.es\/noticias\/index.php?rest_route=\/wp\/v2\/types\/post"}],"author":[{"embeddable":true,"href":"https:\/\/www.mfoto.es\/noticias\/index.php?rest_route=\/wp\/v2\/users\/1"}],"replies":[{"embeddable":true,"href":"https:\/\/www.mfoto.es\/noticias\/index.php?rest_route=%2Fwp%2Fv2%2Fcomments&post=913"}],"version-history":[{"count":0,"href":"https:\/\/www.mfoto.es\/noticias\/index.php?rest_route=\/wp\/v2\/posts\/913\/revisions"}],"wp:attachment":[{"href":"https:\/\/www.mfoto.es\/noticias\/index.php?rest_route=%2Fwp%2Fv2%2Fmedia&parent=913"}],"wp:term":[{"taxonomy":"category","embeddable":true,"href":"https:\/\/www.mfoto.es\/noticias\/index.php?rest_route=%2Fwp%2Fv2%2Fcategories&post=913"},{"taxonomy":"post_tag","embeddable":true,"href":"https:\/\/www.mfoto.es\/noticias\/index.php?rest_route=%2Fwp%2Fv2%2Ftags&post=913"}],"curies":[{"name":"wp","href":"https:\/\/api.w.org\/{rel}","templated":true}]}}