{"id":905,"date":"2011-05-12T18:07:37","date_gmt":"2011-05-12T17:07:37","guid":{"rendered":"http:\/\/www.mfoto.es\/2011\/?p=905"},"modified":"2011-05-12T18:07:37","modified_gmt":"2011-05-12T17:07:37","slug":"seis-equipos-vascos-en-el-rallye-cantabria-infinita","status":"publish","type":"post","link":"https:\/\/www.mfoto.es\/noticias\/?p=905","title":{"rendered":"Seis equipos vascos en el Rallye Cantabria Infinita"},"content":{"rendered":"<p><img loading=\"lazy\" decoding=\"async\" class=\"alignnone size-full wp-image-906\" title=\"029_santamaria_cantabria\" src=\"https:\/\/www.mfoto.es\/noticias\/wp-content\/uploads_2012\/029_santamaria_cantabria.jpg\" alt=\"\" width=\"450\" height=\"300\" srcset=\"https:\/\/www.mfoto.es\/noticias\/wp-content\/uploads_2012\/029_santamaria_cantabria.jpg 450w, https:\/\/www.mfoto.es\/noticias\/wp-content\/uploads_2012\/029_santamaria_cantabria-300x200.jpg 300w\" sizes=\"auto, (max-width: 450px) 100vw, 450px\" \/><\/p>\n<p>Seis equipos vascos tomar\u00e1n la salida en el Rallye Cantabria Infinita entre los 108 equipos inscritos.<\/p>\n<p>S\u00f3lo uno de ellos lo har\u00e1 en la categor\u00eda nacional, se trata de Ricardo Echave y Alejandro Botella con un Renault Clio R3.<\/p>\n<p>F\u00e9lix Marticorena con Cesar Crespo con su Citroen Saxo VTS participar\u00e1n en la categor\u00eda auton\u00f3mica.<\/p>\n<p>El resto de equipos vascos saldr\u00e1n en la categor\u00eda de Regularidad Sport, Jose Mar\u00eda y Txema Moreno, Asier Santamar\u00eda y Txema Foronda y Josu Lotina y Carolina D\u00edez, los tres con VW Golf GTI MK-I. I\u00f1igo Buesa y Oscar L\u00f3pez de Guere\u00f1o saldr\u00e1n con un Ford Cortina.<\/p>\n<p>El rallye consta de 152.88 kil\u00f3metros cronometrados para un recorrido total de 495.92 kil\u00f3metros y se disputar\u00e1n los tramos de san Roque-Villacarriedo, Santiba\u00f1ez-Vega, San Antonio-Sol\u00f3rzano y Ajo-Las Pilas.<\/p>\n<p>Ser\u00e1 la tercera prueba puntuable para el Campeonato de Espa\u00f1a de Rallyes 2011.<\/p>\n<p>La salida est\u00e1 prevista en Santander a las 7:30 horas, desde el parque de asistencia, junto al estadio de El Sardinero y la llegada al mismo lugar a las 21:30 horas.<\/p>\n","protected":false},"excerpt":{"rendered":"<p>Seis equipos vascos tomar\u00e1n la salida en el Rallye Cantabria Infinita entre los 108 equipos inscritos. S\u00f3lo uno de ellos lo har\u00e1 en la categor\u00eda nacional, se trata de Ricardo Echave y Alejandro Botella con un Renault Clio R3. F\u00e9lix Marticorena con Cesar Crespo con su Citroen Saxo VTS participar\u00e1n en la categor\u00eda auton\u00f3mica. El [&hellip;]<\/p>\n","protected":false},"author":1,"featured_media":0,"comment_status":"closed","ping_status":"closed","sticky":false,"template":"","format":"standard","meta":{"footnotes":""},"categories":[10,5,4,13],"tags":[],"class_list":["post-905","post","type-post","status-publish","format-standard","hentry","category-cantabria","category-nacional","category-rallyes","category-regularidad"],"_links":{"self":[{"href":"https:\/\/www.mfoto.es\/noticias\/index.php?rest_route=\/wp\/v2\/posts\/905","targetHints":{"allow":["GET"]}}],"collection":[{"href":"https:\/\/www.mfoto.es\/noticias\/index.php?rest_route=\/wp\/v2\/posts"}],"about":[{"href":"https:\/\/www.mfoto.es\/noticias\/index.php?rest_route=\/wp\/v2\/types\/post"}],"author":[{"embeddable":true,"href":"https:\/\/www.mfoto.es\/noticias\/index.php?rest_route=\/wp\/v2\/users\/1"}],"replies":[{"embeddable":true,"href":"https:\/\/www.mfoto.es\/noticias\/index.php?rest_route=%2Fwp%2Fv2%2Fcomments&post=905"}],"version-history":[{"count":0,"href":"https:\/\/www.mfoto.es\/noticias\/index.php?rest_route=\/wp\/v2\/posts\/905\/revisions"}],"wp:attachment":[{"href":"https:\/\/www.mfoto.es\/noticias\/index.php?rest_route=%2Fwp%2Fv2%2Fmedia&parent=905"}],"wp:term":[{"taxonomy":"category","embeddable":true,"href":"https:\/\/www.mfoto.es\/noticias\/index.php?rest_route=%2Fwp%2Fv2%2Fcategories&post=905"},{"taxonomy":"post_tag","embeddable":true,"href":"https:\/\/www.mfoto.es\/noticias\/index.php?rest_route=%2Fwp%2Fv2%2Ftags&post=905"}],"curies":[{"name":"wp","href":"https:\/\/api.w.org\/{rel}","templated":true}]}}