{"id":871,"date":"2011-05-02T08:40:28","date_gmt":"2011-05-02T07:40:28","guid":{"rendered":"http:\/\/www.mfoto.es\/2011\/?p=871"},"modified":"2011-05-02T08:40:28","modified_gmt":"2011-05-02T07:40:28","slug":"iker-reketa-y-koldo-cepeda-ganan-el-rallyestone-2011","status":"publish","type":"post","link":"https:\/\/www.mfoto.es\/noticias\/?p=871","title":{"rendered":"Iker Reketa y Koldo Cepeda ganan el Rallyestone 2011"},"content":{"rendered":"<p><img loading=\"lazy\" decoding=\"async\" class=\"alignleft\" src=\"https:\/\/www.mfoto.es\/logos\/foto.gif\" alt=\"\" width=\"50\" height=\"36\" \/><\/p>\n<p><a href=\"https:\/\/www.mfoto.es\/fotos\/2011\/016_rallyestone\/index.html\">VER FOTOS DEL RALLYESTONE<\/a><\/p>\n<p><img loading=\"lazy\" decoding=\"async\" class=\"alignnone size-full wp-image-872\" title=\"024_reketa_rallyestone\" src=\"https:\/\/www.mfoto.es\/noticias\/wp-content\/uploads_2012\/024_reketa_rallyestone.jpg\" alt=\"\" width=\"450\" height=\"285\" srcset=\"https:\/\/www.mfoto.es\/noticias\/wp-content\/uploads_2012\/024_reketa_rallyestone.jpg 450w, https:\/\/www.mfoto.es\/noticias\/wp-content\/uploads_2012\/024_reketa_rallyestone-300x190.jpg 300w\" sizes=\"auto, (max-width: 450px) 100vw, 450px\" \/><\/p>\n<p>Los equipos de la Real Pe\u00f1a Motorista Vizcaya coparon las primeras posiciones de la prueba.<br \/>\nIker Reketa y Koldo Cepeda se llevaban la victoria con un BMW 635 CSI con 177 puntos, la segunda plaza era para Asier Santamar\u00eda y Joseba Mac\u00edas con un VW Golf GTI MKI con 203 puntos y en tercera posici\u00f3n terminaban Txema Foronda y Pilar Rodas con un BMW 320 con 209.5 puntos.<\/p>\n<p>CLASIFICACI\u00d3N:<\/p>\n<p>1\u00ba Reketa-Cepeda (BMW 635 CSI) 177.0<br \/>\n2\u00ba Santamaria-Macias (VW Golf GTI) 203.0<br \/>\n3\u00ba Foronda-Rodas (BMW 320) 209.5<br \/>\n4\u00ba Villota-Isasi (Audi Coupe GT) 267.8<br \/>\n5\u00ba Valera-Esteban (VW Golf GTI) 297.7<br \/>\n6\u00ba Calvo-Guti\u00e9rrez (BMW 525) 312.8<br \/>\n7\u00ba Rodr\u00edguez-Rodr\u00edguez (MG B) 320.8<br \/>\n8\u00ba Madariaga-Conde (VW Golf GTI) 434.6<br \/>\n9\u00ba Zarraga-Zarraga (BMW 318i) 453.5<br \/>\n10\u00ba Santamar\u00eda-Blanco (Opel Kadett) 506.1<\/p>\n","protected":false},"excerpt":{"rendered":"<p>VER FOTOS DEL RALLYESTONE Los equipos de la Real Pe\u00f1a Motorista Vizcaya coparon las primeras posiciones de la prueba. Iker Reketa y Koldo Cepeda se llevaban la victoria con un BMW 635 CSI con 177 puntos, la segunda plaza era para Asier Santamar\u00eda y Joseba Mac\u00edas con un VW Golf GTI MKI con 203 puntos [&hellip;]<\/p>\n","protected":false},"author":1,"featured_media":0,"comment_status":"closed","ping_status":"closed","sticky":false,"template":"","format":"standard","meta":{"footnotes":""},"categories":[9,16,4,13],"tags":[],"class_list":["post-871","post","type-post","status-publish","format-standard","hentry","category-bizkaia","category-clasicos","category-rallyes","category-regularidad"],"_links":{"self":[{"href":"https:\/\/www.mfoto.es\/noticias\/index.php?rest_route=\/wp\/v2\/posts\/871","targetHints":{"allow":["GET"]}}],"collection":[{"href":"https:\/\/www.mfoto.es\/noticias\/index.php?rest_route=\/wp\/v2\/posts"}],"about":[{"href":"https:\/\/www.mfoto.es\/noticias\/index.php?rest_route=\/wp\/v2\/types\/post"}],"author":[{"embeddable":true,"href":"https:\/\/www.mfoto.es\/noticias\/index.php?rest_route=\/wp\/v2\/users\/1"}],"replies":[{"embeddable":true,"href":"https:\/\/www.mfoto.es\/noticias\/index.php?rest_route=%2Fwp%2Fv2%2Fcomments&post=871"}],"version-history":[{"count":0,"href":"https:\/\/www.mfoto.es\/noticias\/index.php?rest_route=\/wp\/v2\/posts\/871\/revisions"}],"wp:attachment":[{"href":"https:\/\/www.mfoto.es\/noticias\/index.php?rest_route=%2Fwp%2Fv2%2Fmedia&parent=871"}],"wp:term":[{"taxonomy":"category","embeddable":true,"href":"https:\/\/www.mfoto.es\/noticias\/index.php?rest_route=%2Fwp%2Fv2%2Fcategories&post=871"},{"taxonomy":"post_tag","embeddable":true,"href":"https:\/\/www.mfoto.es\/noticias\/index.php?rest_route=%2Fwp%2Fv2%2Ftags&post=871"}],"curies":[{"name":"wp","href":"https:\/\/api.w.org\/{rel}","templated":true}]}}