{"id":853,"date":"2011-04-18T09:06:14","date_gmt":"2011-04-18T08:06:14","guid":{"rendered":"http:\/\/www.mfoto.es\/2011\/?p=853"},"modified":"2011-04-18T09:06:14","modified_gmt":"2011-04-18T08:06:14","slug":"victoria-de-juho-hanninen-en-el-rallye-islas-canarias","status":"publish","type":"post","link":"https:\/\/www.mfoto.es\/noticias\/?p=853","title":{"rendered":"Victoria de Juho Hanninen en el Rallye Islas Canarias"},"content":{"rendered":"<p><img loading=\"lazy\" decoding=\"async\" class=\"alignleft\" src=\"https:\/\/www.mfoto.es\/logos\/foto.gif\" alt=\"\" width=\"50\" height=\"36\" \/><\/p>\n<p><a href=\"https:\/\/www.mfoto.es\/fotos\/2011\/014_canarias\/index.html\">VER FOTOS DEL RALLYE ISLAS CANARIAS<\/a><\/p>\n<p><img loading=\"lazy\" decoding=\"async\" class=\"alignnone size-full wp-image-854\" title=\"021_hanninen_canarias\" src=\"https:\/\/www.mfoto.es\/noticias\/wp-content\/uploads_2012\/021_hanninen_canarias.jpg\" alt=\"\" width=\"450\" height=\"300\" srcset=\"https:\/\/www.mfoto.es\/noticias\/wp-content\/uploads_2012\/021_hanninen_canarias.jpg 450w, https:\/\/www.mfoto.es\/noticias\/wp-content\/uploads_2012\/021_hanninen_canarias-300x200.jpg 300w\" sizes=\"auto, (max-width: 450px) 100vw, 450px\" \/><\/p>\n<p>El finland\u00e9s Juho Hanninen consegu\u00eda la victoria por s\u00f3lo 1.5 segundos sobre su compa\u00f1ero de equipo, el checo Jan Kopecky, ambos con Skoda Fabia S2000. La tercera posici\u00f3n era para el belga Thierry Neuville con un Peugeot 207 S2000 a 8.2 segundos.<\/p>\n<p>Durante casi toda la prueba, los cuatro pilotos de cabeza estuvieron separados por menos de 10 segundos y hubo cuatro cambios en el liderato.<\/p>\n<p>En la clasificaci\u00f3n para el Campeonato de Espa\u00f1a de Rallyes, Miguel Fuster repet\u00eda victoria con el Porsche 911 GT3, a continuaci\u00f3n a 50.9 segundos se situaba el portugu\u00e9s Bruno Magalhaes con un Peugeot 207 S2000 y la tercera plaza era para Xevi Pons con un Ford Fiesta S2000 a 1:11.2. Este a\u00f1o punt\u00faan en el Campeonato de Espa\u00f1a los pilotos portugueses debido a un acuerdo entre las federaciones espa\u00f1ola y portuguesa.<\/p>\n<p>Vinyes y Antxustegi fueron los vencedores en la Copa de Espa\u00f1a y del IRC de 2 ruedas motrices<\/p>\n<p>El asturiano Miguel Arias domin\u00f3 la Challenge Renault Twingo R2 y en la Mitsubishi Evo Cup la victoria era para el c\u00e1ntabro Eugenio Mantec\u00f3n.<\/p>\n<p>CLASIFICACI\u00d3N FINAL IRC:<br \/>\n1\u00ba Hanninen-Markkula (Skoda Fabia S2000) 1:40:38.1<br \/>\n2\u00ba Kopecky-Stary (Skoda Fabia S2000) a 1.5<br \/>\n3\u00ba Neuville-Gilsoul (Peugeot 207 S2000) a 8.2<br \/>\n4\u00ba Loix-Miclotte (Skoda Fabia S2000) a 16.7<br \/>\n5\u00ba Wilks-Pugh (Peugeot 207 S2000) a 48.3<\/p>\n<p>CLASIFICACI\u00d3N FINAL CTO. ESPA\u00d1A:<br \/>\n1\u00ba Fuster-Avi\u00f1o (Porsche 911 Gt3) 1:41:37.0<br \/>\n2\u00ba Magalhaes-Grave (Peugeot 207 S2000) a 50.9<br \/>\n3\u00ba Pons-Haro (Ford Fiesta S2000) a 1:11.2<br \/>\n4\u00ba Viera-P\u00e9rez (Porsche 911 Gt3) a 2:01.2<br \/>\n5\u00ba Vallejo-L\u00f3pez (Lotus Exige Rally) a 2:34.2<\/p>\n","protected":false},"excerpt":{"rendered":"<p>VER FOTOS DEL RALLYE ISLAS CANARIAS El finland\u00e9s Juho Hanninen consegu\u00eda la victoria por s\u00f3lo 1.5 segundos sobre su compa\u00f1ero de equipo, el checo Jan Kopecky, ambos con Skoda Fabia S2000. La tercera posici\u00f3n era para el belga Thierry Neuville con un Peugeot 207 S2000 a 8.2 segundos. Durante casi toda la prueba, los cuatro [&hellip;]<\/p>\n","protected":false},"author":1,"featured_media":0,"comment_status":"closed","ping_status":"closed","sticky":false,"template":"","format":"standard","meta":{"footnotes":""},"categories":[18,52,5,4],"tags":[],"class_list":["post-853","post","type-post","status-publish","format-standard","hentry","category-canarias","category-irc","category-nacional","category-rallyes"],"_links":{"self":[{"href":"https:\/\/www.mfoto.es\/noticias\/index.php?rest_route=\/wp\/v2\/posts\/853","targetHints":{"allow":["GET"]}}],"collection":[{"href":"https:\/\/www.mfoto.es\/noticias\/index.php?rest_route=\/wp\/v2\/posts"}],"about":[{"href":"https:\/\/www.mfoto.es\/noticias\/index.php?rest_route=\/wp\/v2\/types\/post"}],"author":[{"embeddable":true,"href":"https:\/\/www.mfoto.es\/noticias\/index.php?rest_route=\/wp\/v2\/users\/1"}],"replies":[{"embeddable":true,"href":"https:\/\/www.mfoto.es\/noticias\/index.php?rest_route=%2Fwp%2Fv2%2Fcomments&post=853"}],"version-history":[{"count":0,"href":"https:\/\/www.mfoto.es\/noticias\/index.php?rest_route=\/wp\/v2\/posts\/853\/revisions"}],"wp:attachment":[{"href":"https:\/\/www.mfoto.es\/noticias\/index.php?rest_route=%2Fwp%2Fv2%2Fmedia&parent=853"}],"wp:term":[{"taxonomy":"category","embeddable":true,"href":"https:\/\/www.mfoto.es\/noticias\/index.php?rest_route=%2Fwp%2Fv2%2Fcategories&post=853"},{"taxonomy":"post_tag","embeddable":true,"href":"https:\/\/www.mfoto.es\/noticias\/index.php?rest_route=%2Fwp%2Fv2%2Ftags&post=853"}],"curies":[{"name":"wp","href":"https:\/\/api.w.org\/{rel}","templated":true}]}}