{"id":848,"date":"2011-04-18T09:03:46","date_gmt":"2011-04-18T08:03:46","guid":{"rendered":"http:\/\/www.mfoto.es\/2011\/?p=848"},"modified":"2011-04-18T09:03:46","modified_gmt":"2011-04-18T08:03:46","slug":"segundo-puesto-en-s1600-para-antxustegi-en-el-rallye-islas-canarias","status":"publish","type":"post","link":"https:\/\/www.mfoto.es\/noticias\/?p=848","title":{"rendered":"Segundo puesto en S1600 para Antxustegi en el Rallye Islas Canarias"},"content":{"rendered":"<p><img loading=\"lazy\" decoding=\"async\" class=\"alignleft\" src=\"https:\/\/www.mfoto.es\/logos\/foto.gif\" alt=\"\" width=\"50\" height=\"36\" \/><\/p>\n<p><a href=\"https:\/\/www.mfoto.es\/fotos\/2011\/014_canarias\/index.html\">VER FOTOS DEL RALLYE ISLAS CANARIAS<\/a><\/p>\n<p><img loading=\"lazy\" decoding=\"async\" class=\"alignnone size-full wp-image-849\" title=\"020_antxustegi_canarias\" src=\"https:\/\/www.mfoto.es\/noticias\/wp-content\/uploads_2012\/020_antxustegi_canarias.jpg\" alt=\"\" width=\"450\" height=\"300\" srcset=\"https:\/\/www.mfoto.es\/noticias\/wp-content\/uploads_2012\/020_antxustegi_canarias.jpg 450w, https:\/\/www.mfoto.es\/noticias\/wp-content\/uploads_2012\/020_antxustegi_canarias-300x200.jpg 300w\" sizes=\"auto, (max-width: 450px) 100vw, 450px\" \/><\/p>\n<p>En el Rallye Islas Canarias, que puntuaba para el Campeonato de Espa\u00f1a de Rallyes y para el IRC (Intercontinental Rally Challenge), Gorka Antxustegi copilotado por Gabri Su\u00e1rez, repet\u00eda el segundo puesto en S1600, tras su compa\u00f1ero de equipo, el andorrano Joan Vinyes y acerc\u00e1ndose cada vez m\u00e1s a sus cronos.<\/p>\n<p>Vinyes y Antxustegi fueron los vencedores en la Copa de Espa\u00f1a y del IRC de 2 ruedas motrices y actualmente encabezan la clasificaci\u00f3n de la categor\u00eda.<\/p>\n<p>La victoria absoluta de la prueba IRC, correspond\u00eda al piloto finland\u00e9s Juho Hanninen con un Skoda Fabia S2000 y la victoria para la clasificaci\u00f3n para el Campeonato de Espa\u00f1a era para el alicantino Miguel Fuster con un Porsche 911 GT3.<\/p>\n<p>CLASIFICACI\u00d3N FINAL IRC:<br \/>\n1\u00ba Hanninen-Markkula (Skoda Fabia S2000) 1:40:38.1<br \/>\n2\u00ba Kopecky-Stary (Skoda Fabia S2000) a 1.5<br \/>\n3\u00ba Neuville-Gilsoul (Peugeot 207 S2000) a 8.2<br \/>\n4\u00ba Loix-Miclotte (Skoda Fabia S2000) a 16.7<br \/>\n5\u00ba Wilks-Pugh (Peugeot 207 S2000) a 48.3<br \/>\n&#8212;&#8212;&#8212;&#8212;&#8212;<br \/>\n<strong>13\u00ba Antxustegi-Su\u00e1rez (Suzuki Swift S1600) a 7:06.9<\/strong><\/p>\n<p>CLASIFICACI\u00d3N FINAL CTO. ESPA\u00d1A:<br \/>\n1\u00ba Fuster-Avi\u00f1o (Porsche 911 Gt3) 1:41:37.0<br \/>\n2\u00ba Magalhaes-Grave (Peugeot 207 S2000) a 50.9<br \/>\n3\u00ba Pons-Haro (Ford Fiesta S2000) a 1:11.2<br \/>\n4\u00ba Viera-P\u00e9rez (Porsche 911 Gt3) a 2:01.2<br \/>\n5\u00ba Vallejo-L\u00f3pez (Lotus Exige Rally) a 2:34.2<br \/>\n&#8212;&#8212;&#8212;&#8212;&#8212;<br \/>\n<strong>8\u00ba Antxustegi-Su\u00e1rez (Suzuki Swift S1600) a 6:08.0<\/strong><\/p>\n<p><strong>\u00a0<\/strong><\/p>\n","protected":false},"excerpt":{"rendered":"<p>VER FOTOS DEL RALLYE ISLAS CANARIAS En el Rallye Islas Canarias, que puntuaba para el Campeonato de Espa\u00f1a de Rallyes y para el IRC (Intercontinental Rally Challenge), Gorka Antxustegi copilotado por Gabri Su\u00e1rez, repet\u00eda el segundo puesto en S1600, tras su compa\u00f1ero de equipo, el andorrano Joan Vinyes y acerc\u00e1ndose cada vez m\u00e1s a sus [&hellip;]<\/p>\n","protected":false},"author":1,"featured_media":0,"comment_status":"closed","ping_status":"closed","sticky":false,"template":"","format":"standard","meta":{"footnotes":""},"categories":[51,18,52,5,4],"tags":[],"class_list":["post-848","post","type-post","status-publish","format-standard","hentry","category-antxustegi","category-canarias","category-irc","category-nacional","category-rallyes"],"_links":{"self":[{"href":"https:\/\/www.mfoto.es\/noticias\/index.php?rest_route=\/wp\/v2\/posts\/848","targetHints":{"allow":["GET"]}}],"collection":[{"href":"https:\/\/www.mfoto.es\/noticias\/index.php?rest_route=\/wp\/v2\/posts"}],"about":[{"href":"https:\/\/www.mfoto.es\/noticias\/index.php?rest_route=\/wp\/v2\/types\/post"}],"author":[{"embeddable":true,"href":"https:\/\/www.mfoto.es\/noticias\/index.php?rest_route=\/wp\/v2\/users\/1"}],"replies":[{"embeddable":true,"href":"https:\/\/www.mfoto.es\/noticias\/index.php?rest_route=%2Fwp%2Fv2%2Fcomments&post=848"}],"version-history":[{"count":0,"href":"https:\/\/www.mfoto.es\/noticias\/index.php?rest_route=\/wp\/v2\/posts\/848\/revisions"}],"wp:attachment":[{"href":"https:\/\/www.mfoto.es\/noticias\/index.php?rest_route=%2Fwp%2Fv2%2Fmedia&parent=848"}],"wp:term":[{"taxonomy":"category","embeddable":true,"href":"https:\/\/www.mfoto.es\/noticias\/index.php?rest_route=%2Fwp%2Fv2%2Fcategories&post=848"},{"taxonomy":"post_tag","embeddable":true,"href":"https:\/\/www.mfoto.es\/noticias\/index.php?rest_route=%2Fwp%2Fv2%2Ftags&post=848"}],"curies":[{"name":"wp","href":"https:\/\/api.w.org\/{rel}","templated":true}]}}