{"id":845,"date":"2011-04-14T09:24:50","date_gmt":"2011-04-14T08:24:50","guid":{"rendered":"http:\/\/www.mfoto.es\/2011\/?p=845"},"modified":"2011-04-14T09:24:50","modified_gmt":"2011-04-14T08:24:50","slug":"gorka-antxustegi-en-el-rallye-islas-canarias","status":"publish","type":"post","link":"https:\/\/www.mfoto.es\/noticias\/?p=845","title":{"rendered":"Gorka Antxustegi en el Rallye Islas Canarias"},"content":{"rendered":"<p><img loading=\"lazy\" decoding=\"async\" class=\"alignnone size-full wp-image-846\" title=\"019_antxustegi_canarias\" src=\"https:\/\/www.mfoto.es\/noticias\/wp-content\/uploads_2012\/019_antxustegi_canarias.jpg\" alt=\"\" width=\"450\" height=\"300\" srcset=\"https:\/\/www.mfoto.es\/noticias\/wp-content\/uploads_2012\/019_antxustegi_canarias.jpg 450w, https:\/\/www.mfoto.es\/noticias\/wp-content\/uploads_2012\/019_antxustegi_canarias-300x200.jpg 300w\" sizes=\"auto, (max-width: 450px) 100vw, 450px\" \/><\/p>\n<p>El piloto bizkaino Gorka Antxustegi disputar\u00e1 este fin de semana el Rallye Islas Canarias, que es la segunda prueba puntuable para el Campeonato de Espa\u00f1a de Rallyes y para el IRC (Intercontinental Rally Challenge).<\/p>\n<p>Antxustegi pilotar\u00e1 uno de los dos Suzuki Swift S1600 del equipo oficial Suzuki Ib\u00e9rica, el otro coche del equipo lo llevar\u00e1 el andorrano Joan Vinyes.<\/p>\n<p>El objetivo del equipo es liderar como el pasado a\u00f1o la clasificaci\u00f3n de los veh\u00edculos de dos ruedas motrices.<\/p>\n<p>El Rallye Islas Canarias tiene un recorrido de 668 kil\u00f3metros, de los que 190 ser\u00e1n cronometrados, a disputar en dos etapas el viernes 15 y s\u00e1bado 16. El p\u00f3dium de llegada y la entrega de premios ser\u00e1n el s\u00e1bado a las 14:30 horas.<\/p>\n","protected":false},"excerpt":{"rendered":"<p>El piloto bizkaino Gorka Antxustegi disputar\u00e1 este fin de semana el Rallye Islas Canarias, que es la segunda prueba puntuable para el Campeonato de Espa\u00f1a de Rallyes y para el IRC (Intercontinental Rally Challenge). Antxustegi pilotar\u00e1 uno de los dos Suzuki Swift S1600 del equipo oficial Suzuki Ib\u00e9rica, el otro coche del equipo lo llevar\u00e1 [&hellip;]<\/p>\n","protected":false},"author":1,"featured_media":0,"comment_status":"closed","ping_status":"closed","sticky":false,"template":"","format":"standard","meta":{"footnotes":""},"categories":[51,18,52,5,4],"tags":[],"class_list":["post-845","post","type-post","status-publish","format-standard","hentry","category-antxustegi","category-canarias","category-irc","category-nacional","category-rallyes"],"_links":{"self":[{"href":"https:\/\/www.mfoto.es\/noticias\/index.php?rest_route=\/wp\/v2\/posts\/845","targetHints":{"allow":["GET"]}}],"collection":[{"href":"https:\/\/www.mfoto.es\/noticias\/index.php?rest_route=\/wp\/v2\/posts"}],"about":[{"href":"https:\/\/www.mfoto.es\/noticias\/index.php?rest_route=\/wp\/v2\/types\/post"}],"author":[{"embeddable":true,"href":"https:\/\/www.mfoto.es\/noticias\/index.php?rest_route=\/wp\/v2\/users\/1"}],"replies":[{"embeddable":true,"href":"https:\/\/www.mfoto.es\/noticias\/index.php?rest_route=%2Fwp%2Fv2%2Fcomments&post=845"}],"version-history":[{"count":0,"href":"https:\/\/www.mfoto.es\/noticias\/index.php?rest_route=\/wp\/v2\/posts\/845\/revisions"}],"wp:attachment":[{"href":"https:\/\/www.mfoto.es\/noticias\/index.php?rest_route=%2Fwp%2Fv2%2Fmedia&parent=845"}],"wp:term":[{"taxonomy":"category","embeddable":true,"href":"https:\/\/www.mfoto.es\/noticias\/index.php?rest_route=%2Fwp%2Fv2%2Fcategories&post=845"},{"taxonomy":"post_tag","embeddable":true,"href":"https:\/\/www.mfoto.es\/noticias\/index.php?rest_route=%2Fwp%2Fv2%2Ftags&post=845"}],"curies":[{"name":"wp","href":"https:\/\/api.w.org\/{rel}","templated":true}]}}