{"id":824,"date":"2011-04-04T19:25:04","date_gmt":"2011-04-04T18:25:04","guid":{"rendered":"http:\/\/www.mfoto.es\/2011\/?p=824"},"modified":"2011-04-04T19:25:04","modified_gmt":"2011-04-04T18:25:04","slug":"antxustegi-termina-segundo-de-los-s1600-en-el-rallye-la-vila-joiosa","status":"publish","type":"post","link":"https:\/\/www.mfoto.es\/noticias\/?p=824","title":{"rendered":"Antxustegi termina segundo de los S1600 en el Rallye La Vila Joiosa"},"content":{"rendered":"<p><img loading=\"lazy\" decoding=\"async\" class=\"alignleft\" src=\"https:\/\/www.mfoto.es\/logos\/foto.gif\" alt=\"\" width=\"50\" height=\"36\" \/><\/p>\n<p><a href=\"https:\/\/www.mfoto.es\/fotos\/2011\/011_vilajoiosa\/index.html\">VER FOTOS DEL RALLYE LA VILA JOIOSA<\/a><\/p>\n<p><img loading=\"lazy\" decoding=\"async\" class=\"alignnone size-full wp-image-825\" title=\"016_antxustegi_vilojoiosa\" src=\"https:\/\/www.mfoto.es\/noticias\/wp-content\/uploads_2012\/016_antxustegi_vilojoiosa.jpg\" alt=\"\" width=\"450\" height=\"300\" srcset=\"https:\/\/www.mfoto.es\/noticias\/wp-content\/uploads_2012\/016_antxustegi_vilojoiosa.jpg 450w, https:\/\/www.mfoto.es\/noticias\/wp-content\/uploads_2012\/016_antxustegi_vilojoiosa-300x200.jpg 300w\" sizes=\"auto, (max-width: 450px) 100vw, 450px\" \/><\/p>\n<p>El piloto vizca\u00edno Gorka Antxustegi con un Suzuki Swift S1600 del equipo Suzuki Ib\u00e9rica, termin\u00f3 en segunda posici\u00f3n de la categor\u00eda S1600 en el Rallye La Vila Joiosa, prueba con la que arrancaba el Campeonato de Espa\u00f1a de Rallyes 2011.<\/p>\n<p>Los otros equipos vascos presentes en la prueba, Txutxi y Alejandro P\u00e9rez, en su primer rallye del Campeonato de Espa\u00f1a, terminaban en la decimoprimera posici\u00f3n de la Copa Suzuki Swift y el equipo de Durango formado por I\u00f1igo Olabegogeaskoetxea y Aketza Santacoloma, se vieron obligados a abandonar por problemas en la caja de cambios de su veh\u00edculo cuando rodaban en la octava posici\u00f3n de la Copa Suzuki.<\/p>\n<p>La prueba fue ganada por el piloto local Miguel Fuster con un Porsche 911 GT3 con el que no dio ninguna opci\u00f3n a sus rivales.<\/p>\n<p>CLASIFICACI\u00d3N FINAL:<\/p>\n<p>1\u00ba Fuster-Avi\u00f1o (Porsche 911 GT3) 1:34:27.3<br \/>\n2\u00ba Pons-Haro (Ford Fiesta S2000) a 1:02.2<br \/>\n3\u00ba P\u00e9rez-Velasco (Peugeot 207 S2000) a 2:14.7<br \/>\n4\u00ba Senra (Peugeot 306 Maxi) a 2:23.4<br \/>\n5\u00ba Mantec\u00f3n-Noriega (Mitsubishi Evo X) a 3:58.2<br \/>\n&#8212;&#8211;<br \/>\n<strong>9\u00ba Antxustegi-Su\u00e1rez (Suzuki Swift S1600) a 5:05.0<\/strong><br \/>\n&#8212;&#8211;<br \/>\n<strong>30\u00ba P\u00e9rez-P\u00e9rez (Suzuki Swift Gr.N) a 19:41.1<\/strong><\/p>\n","protected":false},"excerpt":{"rendered":"<p>VER FOTOS DEL RALLYE LA VILA JOIOSA El piloto vizca\u00edno Gorka Antxustegi con un Suzuki Swift S1600 del equipo Suzuki Ib\u00e9rica, termin\u00f3 en segunda posici\u00f3n de la categor\u00eda S1600 en el Rallye La Vila Joiosa, prueba con la que arrancaba el Campeonato de Espa\u00f1a de Rallyes 2011. Los otros equipos vascos presentes en la prueba, [&hellip;]<\/p>\n","protected":false},"author":1,"featured_media":0,"comment_status":"closed","ping_status":"closed","sticky":false,"template":"","format":"standard","meta":{"footnotes":""},"categories":[165,51,5,178,4,81],"tags":[],"class_list":["post-824","post","type-post","status-publish","format-standard","hentry","category-alicante","category-antxustegi","category-nacional","category-olabegogeaskoetxea","category-rallyes","category-txutxi"],"_links":{"self":[{"href":"https:\/\/www.mfoto.es\/noticias\/index.php?rest_route=\/wp\/v2\/posts\/824","targetHints":{"allow":["GET"]}}],"collection":[{"href":"https:\/\/www.mfoto.es\/noticias\/index.php?rest_route=\/wp\/v2\/posts"}],"about":[{"href":"https:\/\/www.mfoto.es\/noticias\/index.php?rest_route=\/wp\/v2\/types\/post"}],"author":[{"embeddable":true,"href":"https:\/\/www.mfoto.es\/noticias\/index.php?rest_route=\/wp\/v2\/users\/1"}],"replies":[{"embeddable":true,"href":"https:\/\/www.mfoto.es\/noticias\/index.php?rest_route=%2Fwp%2Fv2%2Fcomments&post=824"}],"version-history":[{"count":0,"href":"https:\/\/www.mfoto.es\/noticias\/index.php?rest_route=\/wp\/v2\/posts\/824\/revisions"}],"wp:attachment":[{"href":"https:\/\/www.mfoto.es\/noticias\/index.php?rest_route=%2Fwp%2Fv2%2Fmedia&parent=824"}],"wp:term":[{"taxonomy":"category","embeddable":true,"href":"https:\/\/www.mfoto.es\/noticias\/index.php?rest_route=%2Fwp%2Fv2%2Fcategories&post=824"},{"taxonomy":"post_tag","embeddable":true,"href":"https:\/\/www.mfoto.es\/noticias\/index.php?rest_route=%2Fwp%2Fv2%2Ftags&post=824"}],"curies":[{"name":"wp","href":"https:\/\/api.w.org\/{rel}","templated":true}]}}