{"id":812,"date":"2011-04-04T02:15:34","date_gmt":"2011-04-04T01:15:34","guid":{"rendered":"http:\/\/www.mfoto.es\/2011\/?p=812"},"modified":"2011-04-04T02:15:34","modified_gmt":"2011-04-04T01:15:34","slug":"nueva-victoria-de-fuster-en-el-rallye-la-vila-joiosa","status":"publish","type":"post","link":"https:\/\/www.mfoto.es\/noticias\/?p=812","title":{"rendered":"Nueva victoria de Fuster en el Rallye La Vila Joiosa"},"content":{"rendered":"<p><img loading=\"lazy\" decoding=\"async\" class=\"alignleft\" src=\"https:\/\/www.mfoto.es\/logos\/foto.gif\" alt=\"\" width=\"50\" height=\"36\" \/><\/p>\n<p><a href=\"https:\/\/www.mfoto.es\/fotos\/2011\/011_vilajoiosa\/index.html\">VER FOTOS DEL RALLYE LA VILA JOIOSA<\/a><\/p>\n<p><img loading=\"lazy\" decoding=\"async\" class=\"alignnone size-full wp-image-813\" title=\"015_fuster_vilajoiosa\" src=\"https:\/\/www.mfoto.es\/noticias\/wp-content\/uploads_2012\/015_fuster_vilajoiosa.jpg\" alt=\"\" width=\"450\" height=\"300\" \/><\/p>\n<p>Miguel Fuster con el Porsche 911 GT3 se ha impuesto claramente en su rallye, con algo m\u00e1s de un minuto de ventaja, sobre Xevi Pons y el Ford Fiesta S2000.\u00a0La tercera plaza fue a parar a manos del asturiano Jonathan P\u00e9rez con un Peugeot 207 S2000, tras sufrir un pinchazo el gallego V\u00edctor Senra con el Peugeot 306 Maxi Kit Car, que finalmente era cuarto.<\/p>\n<p>La clasificaci\u00f3n de la Mitsubishi Evo Cup era liderada por Eugenio Mantec\u00f3n, con 26 segundos de ventaja sobre Fran Cima y 1:23.2 sobre Daniel Marb\u00e1n, los tres con Mitsubishi Evo X.<\/p>\n<p>En la copa Suzuki Swift, la victoria era para el gallego Pablo Pazo con 8.9 segundos de ventaja sobre Surhayen Pern\u00eda y con 26.2 segundos sobre el debutante andorrano Joan Carchat.<\/p>\n<p>El c\u00e1ntabro Marcos Diego, tras el abandono de Miguel Arias, venc\u00eda finalmente en la Challenge Renault Twingo R2 y a 5 segundos se clasificaba Rub\u00e9n Gracia en la segunda posici\u00f3n.<\/p>\n<p>CLASIFICACI\u00d3N FINAL:<\/p>\n<p>1\u00ba Fuster-Avi\u00f1o (Porsche 911 GT3) 1:34:27.3<br \/>\n2\u00ba Pons-Haro (Ford Fiesta S2000) a 1:02.2<br \/>\n3\u00ba P\u00e9rez-Velasco (Peugeot 207 S2000) a 2:14.7<br \/>\n4\u00ba Senra (Peugeot 306 Maxi) a 2:23.4<br \/>\n5\u00ba Mantec\u00f3n-Noriega (Mitsubishi Evo X) a 3:58.2<br \/>\n6\u00ba P\u00e9rez-Chamorro (Peugeot 207 S2000) a 4:06.0<br \/>\n7\u00ba Vinyes-Mercader (Suzuki Swift S1600) a 4:10.3<br \/>\n8\u00ba Cima-Gonz\u00e1lez (Mitsubishi Evo X) a 4:24.2<br \/>\n9\u00ba Antxustegi-Su\u00e1rez (Suzuki Swift S1600) a 5:05.0<br \/>\n10\u00ba Marb\u00e1n-Ferrero (Mitsubishi Evo X) a 5:21.4<\/p>\n","protected":false},"excerpt":{"rendered":"<p>VER FOTOS DEL RALLYE LA VILA JOIOSA Miguel Fuster con el Porsche 911 GT3 se ha impuesto claramente en su rallye, con algo m\u00e1s de un minuto de ventaja, sobre Xevi Pons y el Ford Fiesta S2000.\u00a0La tercera plaza fue a parar a manos del asturiano Jonathan P\u00e9rez con un Peugeot 207 S2000, tras sufrir [&hellip;]<\/p>\n","protected":false},"author":1,"featured_media":0,"comment_status":"closed","ping_status":"closed","sticky":false,"template":"","format":"standard","meta":{"footnotes":""},"categories":[165,51,5,178,4,81],"tags":[],"class_list":["post-812","post","type-post","status-publish","format-standard","hentry","category-alicante","category-antxustegi","category-nacional","category-olabegogeaskoetxea","category-rallyes","category-txutxi"],"_links":{"self":[{"href":"https:\/\/www.mfoto.es\/noticias\/index.php?rest_route=\/wp\/v2\/posts\/812","targetHints":{"allow":["GET"]}}],"collection":[{"href":"https:\/\/www.mfoto.es\/noticias\/index.php?rest_route=\/wp\/v2\/posts"}],"about":[{"href":"https:\/\/www.mfoto.es\/noticias\/index.php?rest_route=\/wp\/v2\/types\/post"}],"author":[{"embeddable":true,"href":"https:\/\/www.mfoto.es\/noticias\/index.php?rest_route=\/wp\/v2\/users\/1"}],"replies":[{"embeddable":true,"href":"https:\/\/www.mfoto.es\/noticias\/index.php?rest_route=%2Fwp%2Fv2%2Fcomments&post=812"}],"version-history":[{"count":0,"href":"https:\/\/www.mfoto.es\/noticias\/index.php?rest_route=\/wp\/v2\/posts\/812\/revisions"}],"wp:attachment":[{"href":"https:\/\/www.mfoto.es\/noticias\/index.php?rest_route=%2Fwp%2Fv2%2Fmedia&parent=812"}],"wp:term":[{"taxonomy":"category","embeddable":true,"href":"https:\/\/www.mfoto.es\/noticias\/index.php?rest_route=%2Fwp%2Fv2%2Fcategories&post=812"},{"taxonomy":"post_tag","embeddable":true,"href":"https:\/\/www.mfoto.es\/noticias\/index.php?rest_route=%2Fwp%2Fv2%2Ftags&post=812"}],"curies":[{"name":"wp","href":"https:\/\/api.w.org\/{rel}","templated":true}]}}