{"id":809,"date":"2011-03-30T09:51:24","date_gmt":"2011-03-30T08:51:24","guid":{"rendered":"http:\/\/www.mfoto.es\/2011\/?p=809"},"modified":"2011-03-30T09:51:24","modified_gmt":"2011-03-30T08:51:24","slug":"tres-equipos-vascos-en-el-rallye-de-la-vila-joiosa-en-alicante","status":"publish","type":"post","link":"https:\/\/www.mfoto.es\/noticias\/?p=809","title":{"rendered":"Tres equipos vascos en el Rallye de La Vila Joiosa en Alicante"},"content":{"rendered":"<p><img loading=\"lazy\" decoding=\"async\" class=\"alignnone size-full wp-image-810\" title=\"014_vascos_vilajoiosa\" src=\"https:\/\/www.mfoto.es\/noticias\/wp-content\/uploads_2012\/014_vascos_vilajoiosa.jpg\" alt=\"\" width=\"450\" height=\"300\" srcset=\"https:\/\/www.mfoto.es\/noticias\/wp-content\/uploads_2012\/014_vascos_vilajoiosa.jpg 450w, https:\/\/www.mfoto.es\/noticias\/wp-content\/uploads_2012\/014_vascos_vilajoiosa-300x200.jpg 300w\" sizes=\"auto, (max-width: 450px) 100vw, 450px\" \/><\/p>\n<p>Los pr\u00f3ximos d\u00edas 1 y 2 de Abril se disputar\u00e1 el 21\u00ba Rallye de la Vila Joiosa en la provincia de Alicante. Ser\u00e1 la prueba que abrir\u00e1 el Campeonato de Espa\u00f1a de Rallyes de Asfalto 2011.<\/p>\n<p>Tres equipos vascos estar\u00e1n en la salida, el piloto de Markina, Gorka Antxustegi copilotado por el asturiano Gabriel Su\u00e1rez, con uno de los dos Suzuki Swift S1600 del equipo oficial Suzuki Ib\u00e9rica, que optar\u00e1 a los primeros puestos de los veh\u00edculos de dos ruedas motrices.<\/p>\n<p>Por otro lado, el equipo de Durango formado por I\u00f1igo Olabegogeaskoetxea y Aketza Santacoloma\u00a0 y el equipo de Sodupe compuesto por los hermanos Txutxi y Alejandro P\u00e9rez, que disputar\u00e1n junto a otros 16 equipos la Copa Suzuki Swift.<\/p>\n<p>El Rallye La Vila Joiosa est\u00e1 compuesto por ocho tramos cronometrados que suman 158 kil\u00f3metros, dentro de un recorrido total de 356 kil\u00f3metros.<\/p>\n","protected":false},"excerpt":{"rendered":"<p>Los pr\u00f3ximos d\u00edas 1 y 2 de Abril se disputar\u00e1 el 21\u00ba Rallye de la Vila Joiosa en la provincia de Alicante. Ser\u00e1 la prueba que abrir\u00e1 el Campeonato de Espa\u00f1a de Rallyes de Asfalto 2011. Tres equipos vascos estar\u00e1n en la salida, el piloto de Markina, Gorka Antxustegi copilotado por el asturiano Gabriel Su\u00e1rez, [&hellip;]<\/p>\n","protected":false},"author":1,"featured_media":0,"comment_status":"closed","ping_status":"closed","sticky":false,"template":"","format":"standard","meta":{"footnotes":""},"categories":[51,9,6,5,178,4,81],"tags":[],"class_list":["post-809","post","type-post","status-publish","format-standard","hentry","category-antxustegi","category-bizkaia","category-euskadi","category-nacional","category-olabegogeaskoetxea","category-rallyes","category-txutxi"],"_links":{"self":[{"href":"https:\/\/www.mfoto.es\/noticias\/index.php?rest_route=\/wp\/v2\/posts\/809","targetHints":{"allow":["GET"]}}],"collection":[{"href":"https:\/\/www.mfoto.es\/noticias\/index.php?rest_route=\/wp\/v2\/posts"}],"about":[{"href":"https:\/\/www.mfoto.es\/noticias\/index.php?rest_route=\/wp\/v2\/types\/post"}],"author":[{"embeddable":true,"href":"https:\/\/www.mfoto.es\/noticias\/index.php?rest_route=\/wp\/v2\/users\/1"}],"replies":[{"embeddable":true,"href":"https:\/\/www.mfoto.es\/noticias\/index.php?rest_route=%2Fwp%2Fv2%2Fcomments&post=809"}],"version-history":[{"count":0,"href":"https:\/\/www.mfoto.es\/noticias\/index.php?rest_route=\/wp\/v2\/posts\/809\/revisions"}],"wp:attachment":[{"href":"https:\/\/www.mfoto.es\/noticias\/index.php?rest_route=%2Fwp%2Fv2%2Fmedia&parent=809"}],"wp:term":[{"taxonomy":"category","embeddable":true,"href":"https:\/\/www.mfoto.es\/noticias\/index.php?rest_route=%2Fwp%2Fv2%2Fcategories&post=809"},{"taxonomy":"post_tag","embeddable":true,"href":"https:\/\/www.mfoto.es\/noticias\/index.php?rest_route=%2Fwp%2Fv2%2Ftags&post=809"}],"curies":[{"name":"wp","href":"https:\/\/api.w.org\/{rel}","templated":true}]}}