{"id":797,"date":"2011-03-24T09:01:02","date_gmt":"2011-03-24T08:01:02","guid":{"rendered":"http:\/\/www.mfoto.es\/2011\/?p=797"},"modified":"2011-03-24T09:01:02","modified_gmt":"2011-03-24T08:01:02","slug":"txutxi-perez-disputara-la-copa-suzuki-swift-en-el-campeonato-de-espana-de-rallyes","status":"publish","type":"post","link":"https:\/\/www.mfoto.es\/noticias\/?p=797","title":{"rendered":"Txutxi P\u00e9rez disputar\u00e1 la Copa Suzuki Swift en el Campeonato de Espa\u00f1a de Rallyes"},"content":{"rendered":"<p><img loading=\"lazy\" decoding=\"async\" class=\"alignleft\" src=\"https:\/\/www.mfoto.es\/logos\/foto.gif\" alt=\"\" width=\"50\" height=\"36\" \/><\/p>\n<p><a href=\"https:\/\/www.mfoto.es\/fotos\/2011\/010_pres_txutxi\/index.html\">VER FOTOS DE LA PRESENTACI\u00d3N DEL EQUIPO<\/a><\/p>\n<p><img loading=\"lazy\" decoding=\"async\" class=\"alignnone size-full wp-image-798\" title=\"013_pres_txutxi\" src=\"https:\/\/www.mfoto.es\/noticias\/wp-content\/uploads_2012\/013_pres_txutxi.jpg\" alt=\"\" width=\"450\" height=\"300\" srcset=\"https:\/\/www.mfoto.es\/noticias\/wp-content\/uploads_2012\/013_pres_txutxi.jpg 450w, https:\/\/www.mfoto.es\/noticias\/wp-content\/uploads_2012\/013_pres_txutxi-300x200.jpg 300w\" sizes=\"auto, (max-width: 450px) 100vw, 450px\" \/><\/p>\n<p>El equipo de Sodupe, formado por Txutxi y Alejandro P\u00e9rez, presentaron su equipo y planes para este a\u00f1o, en el transcurso de la Feria de San Jos\u00e9, en la localidad de G\u00fce\u00f1es, en donde reciben apoyo del ayuntamiento.<\/p>\n<p>Posteriormente se realiz\u00f3 otro acto de presentaci\u00f3n a la prensa,\u00a0en el Gran Casino de Bilbao, que es uno de los principales patrocinadores del equipo.<\/p>\n<p>Ambos disputar\u00e1n la Copa Suzuki Swift, en el Campeonato de Espa\u00f1a de Rallyes 2011, con un Suzuki Swift Gr.N, a partir del Rallye La Vila Joiosa, los d\u00edas 1 y 2 de Abril.<\/p>\n","protected":false},"excerpt":{"rendered":"<p>VER FOTOS DE LA PRESENTACI\u00d3N DEL EQUIPO El equipo de Sodupe, formado por Txutxi y Alejandro P\u00e9rez, presentaron su equipo y planes para este a\u00f1o, en el transcurso de la Feria de San Jos\u00e9, en la localidad de G\u00fce\u00f1es, en donde reciben apoyo del ayuntamiento. Posteriormente se realiz\u00f3 otro acto de presentaci\u00f3n a la prensa,\u00a0en [&hellip;]<\/p>\n","protected":false},"author":1,"featured_media":0,"comment_status":"closed","ping_status":"closed","sticky":false,"template":"","format":"standard","meta":{"footnotes":""},"categories":[9,6,5,4,81],"tags":[],"class_list":["post-797","post","type-post","status-publish","format-standard","hentry","category-bizkaia","category-euskadi","category-nacional","category-rallyes","category-txutxi"],"_links":{"self":[{"href":"https:\/\/www.mfoto.es\/noticias\/index.php?rest_route=\/wp\/v2\/posts\/797","targetHints":{"allow":["GET"]}}],"collection":[{"href":"https:\/\/www.mfoto.es\/noticias\/index.php?rest_route=\/wp\/v2\/posts"}],"about":[{"href":"https:\/\/www.mfoto.es\/noticias\/index.php?rest_route=\/wp\/v2\/types\/post"}],"author":[{"embeddable":true,"href":"https:\/\/www.mfoto.es\/noticias\/index.php?rest_route=\/wp\/v2\/users\/1"}],"replies":[{"embeddable":true,"href":"https:\/\/www.mfoto.es\/noticias\/index.php?rest_route=%2Fwp%2Fv2%2Fcomments&post=797"}],"version-history":[{"count":0,"href":"https:\/\/www.mfoto.es\/noticias\/index.php?rest_route=\/wp\/v2\/posts\/797\/revisions"}],"wp:attachment":[{"href":"https:\/\/www.mfoto.es\/noticias\/index.php?rest_route=%2Fwp%2Fv2%2Fmedia&parent=797"}],"wp:term":[{"taxonomy":"category","embeddable":true,"href":"https:\/\/www.mfoto.es\/noticias\/index.php?rest_route=%2Fwp%2Fv2%2Fcategories&post=797"},{"taxonomy":"post_tag","embeddable":true,"href":"https:\/\/www.mfoto.es\/noticias\/index.php?rest_route=%2Fwp%2Fv2%2Ftags&post=797"}],"curies":[{"name":"wp","href":"https:\/\/api.w.org\/{rel}","templated":true}]}}