{"id":790,"date":"2011-03-14T23:20:52","date_gmt":"2011-03-14T22:20:52","guid":{"rendered":"http:\/\/www.mfoto.es\/2011\/?p=790"},"modified":"2011-03-14T23:20:52","modified_gmt":"2011-03-14T22:20:52","slug":"790","status":"publish","type":"post","link":"https:\/\/www.mfoto.es\/noticias\/?p=790","title":{"rendered":"Gorka Antxustegi hace test con el Suzuki Swift S1600"},"content":{"rendered":"<p><img loading=\"lazy\" decoding=\"async\" class=\"alignnone size-full wp-image-791\" title=\"012_test_antxustegi\" src=\"https:\/\/www.mfoto.es\/noticias\/wp-content\/uploads_2012\/012_test_antxustegi.jpg\" alt=\"\" width=\"450\" height=\"300\" srcset=\"https:\/\/www.mfoto.es\/noticias\/wp-content\/uploads_2012\/012_test_antxustegi.jpg 450w, https:\/\/www.mfoto.es\/noticias\/wp-content\/uploads_2012\/012_test_antxustegi-300x200.jpg 300w\" sizes=\"auto, (max-width: 450px) 100vw, 450px\" \/><\/p>\n<address>Fotos: Kike Salgueiro<\/address>\n<p>El pasado d\u00eda 12 de Marzo, el equipo Suzuki Ib\u00e9rica realizaba una jornada de test, con sus dos pilotos, Joan Vinyes y Gorka Antxustegi.<\/p>\n<p>El tramo de tres kil\u00f3metros, cercano a la localidad de Ferrol, se encontraba h\u00famedo debido a las lluvias ca\u00eddas, pero sirvi\u00f3 para realizar diversas pasadas hasta mediada la tarde.<\/p>\n<p>El piloto vasco Gorka Antxustegi valoraba positivamente el trabajo realizado y est\u00e1 con ganas de comenzar la temporada, en el Rallye La Vila Joiosa, los pr\u00f3ximos d\u00edas 1 y 2 de Abril.<\/p>\n","protected":false},"excerpt":{"rendered":"<p>Fotos: Kike Salgueiro El pasado d\u00eda 12 de Marzo, el equipo Suzuki Ib\u00e9rica realizaba una jornada de test, con sus dos pilotos, Joan Vinyes y Gorka Antxustegi. El tramo de tres kil\u00f3metros, cercano a la localidad de Ferrol, se encontraba h\u00famedo debido a las lluvias ca\u00eddas, pero sirvi\u00f3 para realizar diversas pasadas hasta mediada la [&hellip;]<\/p>\n","protected":false},"author":1,"featured_media":0,"comment_status":"closed","ping_status":"closed","sticky":false,"template":"","format":"standard","meta":{"footnotes":""},"categories":[51,64,5,4],"tags":[],"class_list":["post-790","post","type-post","status-publish","format-standard","hentry","category-antxustegi","category-galicia","category-nacional","category-rallyes"],"_links":{"self":[{"href":"https:\/\/www.mfoto.es\/noticias\/index.php?rest_route=\/wp\/v2\/posts\/790","targetHints":{"allow":["GET"]}}],"collection":[{"href":"https:\/\/www.mfoto.es\/noticias\/index.php?rest_route=\/wp\/v2\/posts"}],"about":[{"href":"https:\/\/www.mfoto.es\/noticias\/index.php?rest_route=\/wp\/v2\/types\/post"}],"author":[{"embeddable":true,"href":"https:\/\/www.mfoto.es\/noticias\/index.php?rest_route=\/wp\/v2\/users\/1"}],"replies":[{"embeddable":true,"href":"https:\/\/www.mfoto.es\/noticias\/index.php?rest_route=%2Fwp%2Fv2%2Fcomments&post=790"}],"version-history":[{"count":0,"href":"https:\/\/www.mfoto.es\/noticias\/index.php?rest_route=\/wp\/v2\/posts\/790\/revisions"}],"wp:attachment":[{"href":"https:\/\/www.mfoto.es\/noticias\/index.php?rest_route=%2Fwp%2Fv2%2Fmedia&parent=790"}],"wp:term":[{"taxonomy":"category","embeddable":true,"href":"https:\/\/www.mfoto.es\/noticias\/index.php?rest_route=%2Fwp%2Fv2%2Fcategories&post=790"},{"taxonomy":"post_tag","embeddable":true,"href":"https:\/\/www.mfoto.es\/noticias\/index.php?rest_route=%2Fwp%2Fv2%2Ftags&post=790"}],"curies":[{"name":"wp","href":"https:\/\/api.w.org\/{rel}","templated":true}]}}