{"id":774,"date":"2011-03-07T17:13:44","date_gmt":"2011-03-07T16:13:44","guid":{"rendered":"http:\/\/www.mfoto.es\/2011\/?p=774"},"modified":"2011-03-07T17:13:44","modified_gmt":"2011-03-07T16:13:44","slug":"el-rallysprint-de-hoznayo-para-ruben-ivan-blanco","status":"publish","type":"post","link":"https:\/\/www.mfoto.es\/noticias\/?p=774","title":{"rendered":"El Rallysprint de Hoznayo para Rub\u00e9n Iv\u00e1n Blanco"},"content":{"rendered":"<p><img loading=\"lazy\" decoding=\"async\" class=\"alignleft\" src=\"https:\/\/www.mfoto.es\/logos\/foto.gif\" alt=\"\" width=\"50\" height=\"36\" \/><\/p>\n<p><a href=\"https:\/\/www.mfoto.es\/fotos\/2011\/006_hoznayo\/index.html\">VER FOTOS DEL RALLYSPRINT DE HOZNAYO<\/a><\/p>\n<p><img loading=\"lazy\" decoding=\"async\" class=\"alignnone size-full wp-image-775\" title=\"010_ruben_hoznayo\" src=\"https:\/\/www.mfoto.es\/noticias\/wp-content\/uploads_2012\/010_ruben_hoznayo.jpg\" alt=\"\" width=\"450\" height=\"300\" srcset=\"https:\/\/www.mfoto.es\/noticias\/wp-content\/uploads_2012\/010_ruben_hoznayo.jpg 450w, https:\/\/www.mfoto.es\/noticias\/wp-content\/uploads_2012\/010_ruben_hoznayo-300x200.jpg 300w\" sizes=\"auto, (max-width: 450px) 100vw, 450px\" \/><\/p>\n<p>En Hoznayo empezaba la temporada c\u00e1ntabra de rallysprint, en una prueba con participaci\u00f3n baja, con s\u00f3lo 20 equipos inscritos, con buen tiempo y no demasiado p\u00fablico.<\/p>\n<p>La victoria fue para Rub\u00e9n Iv\u00e1n Blanco y Rosana Mart\u00ednez con un Mitsubishi EVO V, la segunda posici\u00f3n era para Marcos B. Diego, que estrenaba el Renault Twingo R2, con el que disputar\u00e1 la Copa Renault en el Campeonato de Espa\u00f1a, y en tercera posici\u00f3n se clasificaba Jos\u00e9 R. Rodr\u00edguez con un Mitsubishi EVO IX.<\/p>\n<p>CLASIFICACI\u00d3N FINAL:<\/p>\n<p>1\u00ba Blanco-Mart\u00ednez (Mitsubishi EVO V) 12:50.912<br \/>\n2\u00ba Diego-Diego (Renault Twingo R2) 12:58.557<br \/>\n3\u00ba Rodr\u00edguez-Rodr\u00edguez (Mitsubishi EVO IX) 13:17.584<br \/>\n4\u00ba Solana-Alonso (Citro\u00ebn C2 GT) 13:35.128<br \/>\n5\u00ba Artaloitia-Li\u00e9bana (Mercedes 190) 13:48.522<\/p>\n","protected":false},"excerpt":{"rendered":"<p>VER FOTOS DEL RALLYSPRINT DE HOZNAYO En Hoznayo empezaba la temporada c\u00e1ntabra de rallysprint, en una prueba con participaci\u00f3n baja, con s\u00f3lo 20 equipos inscritos, con buen tiempo y no demasiado p\u00fablico. La victoria fue para Rub\u00e9n Iv\u00e1n Blanco y Rosana Mart\u00ednez con un Mitsubishi EVO V, la segunda posici\u00f3n era para Marcos B. Diego, [&hellip;]<\/p>\n","protected":false},"author":1,"featured_media":0,"comment_status":"closed","ping_status":"closed","sticky":false,"template":"","format":"standard","meta":{"footnotes":""},"categories":[171,10,4],"tags":[],"class_list":["post-774","post","type-post","status-publish","format-standard","hentry","category-artaloitia","category-cantabria","category-rallyes"],"_links":{"self":[{"href":"https:\/\/www.mfoto.es\/noticias\/index.php?rest_route=\/wp\/v2\/posts\/774","targetHints":{"allow":["GET"]}}],"collection":[{"href":"https:\/\/www.mfoto.es\/noticias\/index.php?rest_route=\/wp\/v2\/posts"}],"about":[{"href":"https:\/\/www.mfoto.es\/noticias\/index.php?rest_route=\/wp\/v2\/types\/post"}],"author":[{"embeddable":true,"href":"https:\/\/www.mfoto.es\/noticias\/index.php?rest_route=\/wp\/v2\/users\/1"}],"replies":[{"embeddable":true,"href":"https:\/\/www.mfoto.es\/noticias\/index.php?rest_route=%2Fwp%2Fv2%2Fcomments&post=774"}],"version-history":[{"count":0,"href":"https:\/\/www.mfoto.es\/noticias\/index.php?rest_route=\/wp\/v2\/posts\/774\/revisions"}],"wp:attachment":[{"href":"https:\/\/www.mfoto.es\/noticias\/index.php?rest_route=%2Fwp%2Fv2%2Fmedia&parent=774"}],"wp:term":[{"taxonomy":"category","embeddable":true,"href":"https:\/\/www.mfoto.es\/noticias\/index.php?rest_route=%2Fwp%2Fv2%2Fcategories&post=774"},{"taxonomy":"post_tag","embeddable":true,"href":"https:\/\/www.mfoto.es\/noticias\/index.php?rest_route=%2Fwp%2Fv2%2Ftags&post=774"}],"curies":[{"name":"wp","href":"https:\/\/api.w.org\/{rel}","templated":true}]}}