{"id":758,"date":"2011-03-03T17:58:16","date_gmt":"2011-03-03T16:58:16","guid":{"rendered":"http:\/\/www.mfoto.es\/2011\/?p=758"},"modified":"2011-03-03T17:58:16","modified_gmt":"2011-03-03T16:58:16","slug":"entrevista-a-txutxi-perez-piloto-de-la-copa-suzuki-swift-en-el-campeonato-de-espana-de-rallyes-2011","status":"publish","type":"post","link":"https:\/\/www.mfoto.es\/noticias\/?p=758","title":{"rendered":"Entrevista a Txutxi P\u00e9rez (Piloto de la Copa Suzuki Swift en el Campeonato de Espa\u00f1a de Rallyes 2011)"},"content":{"rendered":"<p><img loading=\"lazy\" decoding=\"async\" class=\"alignnone size-full wp-image-759\" title=\"008_txutxi\" src=\"https:\/\/www.mfoto.es\/noticias\/wp-content\/uploads_2012\/008_txutxi.jpg\" alt=\"\" width=\"450\" height=\"300\" srcset=\"https:\/\/www.mfoto.es\/noticias\/wp-content\/uploads_2012\/008_txutxi.jpg 450w, https:\/\/www.mfoto.es\/noticias\/wp-content\/uploads_2012\/008_txutxi-300x200.jpg 300w\" sizes=\"auto, (max-width: 450px) 100vw, 450px\" \/><\/p>\n<p><strong>1- \u00bfQue te llev\u00f3 a iniciarte en el automovilismo y por qu\u00e9 elegiste la especialidad de los rallyes?<\/strong><\/p>\n<p>Desde ni\u00f1o me ha gustado conducir, aprend\u00ed con 12 a\u00f1os y desde que vi por primera vez la Subida a San Cosme, me qued\u00e9 cautivado por las carreras.<\/p>\n<p>El por qu\u00e9 de los rallyes, porque siempre he corrido con mi hermano, somos un equipo y por eso no me planteo los circuitos ni la monta\u00f1a.<\/p>\n<p><strong>2- Alejandro, tu hermano y copiloto es tu gran apoyo. \u00bfDe qui\u00e9n de los dos surgi\u00f3 la idea de correr en el nacional?<\/strong><\/p>\n<p>Nos apoyamos el uno al otro, somos un equipo, aunque la idea de empezar a correr en rallyes y ahora en el nacional fue de \u00e9l.<\/p>\n<p><strong>3- \u00bfPor qu\u00e9 os hab\u00e9is decidido por la Copa Suzuki Swift?<\/strong><\/p>\n<p>Porque a d\u00eda de hoy, es la \u00fanica marca y la \u00fanica copa que te permite correr el nacional, sin ser un equipo millonario, aunque con esto no decimos que sea barato, ya que a\u00fan no tenemos el presupuesto completo.<\/p>\n<p><strong>4- \u00bfComo ves el nivel?<\/strong><\/p>\n<p>Hay un nivel muy alto, ya que todos los que nos decidimos a correr creemos que podemos hacer un buen papel, la copa ya va por su cuarto a\u00f1o y hay pilotos con mucha experiencia tanto con los coches, como en los rallyes.<\/p>\n<p><strong>5- \u00bfQue deseo pedir\u00edas para este 2011?<\/strong><\/p>\n<p>Pedir\u00eda que el coche aguante todas las carreras bien, para que as\u00ed el resto corra de nuestra cuenta.<\/p>\n","protected":false},"excerpt":{"rendered":"<p>1- \u00bfQue te llev\u00f3 a iniciarte en el automovilismo y por qu\u00e9 elegiste la especialidad de los rallyes? Desde ni\u00f1o me ha gustado conducir, aprend\u00ed con 12 a\u00f1os y desde que vi por primera vez la Subida a San Cosme, me qued\u00e9 cautivado por las carreras. El por qu\u00e9 de los rallyes, porque siempre he [&hellip;]<\/p>\n","protected":false},"author":1,"featured_media":0,"comment_status":"closed","ping_status":"closed","sticky":false,"template":"","format":"standard","meta":{"footnotes":""},"categories":[9,175,5,4,81],"tags":[],"class_list":["post-758","post","type-post","status-publish","format-standard","hentry","category-bizkaia","category-entrevista","category-nacional","category-rallyes","category-txutxi"],"_links":{"self":[{"href":"https:\/\/www.mfoto.es\/noticias\/index.php?rest_route=\/wp\/v2\/posts\/758","targetHints":{"allow":["GET"]}}],"collection":[{"href":"https:\/\/www.mfoto.es\/noticias\/index.php?rest_route=\/wp\/v2\/posts"}],"about":[{"href":"https:\/\/www.mfoto.es\/noticias\/index.php?rest_route=\/wp\/v2\/types\/post"}],"author":[{"embeddable":true,"href":"https:\/\/www.mfoto.es\/noticias\/index.php?rest_route=\/wp\/v2\/users\/1"}],"replies":[{"embeddable":true,"href":"https:\/\/www.mfoto.es\/noticias\/index.php?rest_route=%2Fwp%2Fv2%2Fcomments&post=758"}],"version-history":[{"count":0,"href":"https:\/\/www.mfoto.es\/noticias\/index.php?rest_route=\/wp\/v2\/posts\/758\/revisions"}],"wp:attachment":[{"href":"https:\/\/www.mfoto.es\/noticias\/index.php?rest_route=%2Fwp%2Fv2%2Fmedia&parent=758"}],"wp:term":[{"taxonomy":"category","embeddable":true,"href":"https:\/\/www.mfoto.es\/noticias\/index.php?rest_route=%2Fwp%2Fv2%2Fcategories&post=758"},{"taxonomy":"post_tag","embeddable":true,"href":"https:\/\/www.mfoto.es\/noticias\/index.php?rest_route=%2Fwp%2Fv2%2Ftags&post=758"}],"curies":[{"name":"wp","href":"https:\/\/api.w.org\/{rel}","templated":true}]}}