{"id":727,"date":"2011-02-09T20:15:22","date_gmt":"2011-02-09T19:15:22","guid":{"rendered":"http:\/\/www.mfoto.es\/2011\/?p=727"},"modified":"2011-02-09T20:15:22","modified_gmt":"2011-02-09T19:15:22","slug":"entrevista-a-gorka-antxustegi-piloto-del-equipo-oficial-suzuki-iberica-con-un-suzuki-swift-s1600","status":"publish","type":"post","link":"https:\/\/www.mfoto.es\/noticias\/?p=727","title":{"rendered":"Entrevista a Gorka Antxustegi (Piloto del equipo oficial Suzuki Ib\u00e9rica con un Suzuki Swift S1600)"},"content":{"rendered":"<p><img loading=\"lazy\" decoding=\"async\" class=\"alignnone size-full wp-image-728\" title=\"2011_004_antxustegi\" src=\"https:\/\/www.mfoto.es\/2011\/wp-content\/uploads\/2011_004_antxustegi.jpg\" alt=\"\" width=\"450\" height=\"300\" srcset=\"https:\/\/www.mfoto.es\/noticias\/wp-content\/uploads_2012\/004_antxustegi.jpg 450w, https:\/\/www.mfoto.es\/noticias\/wp-content\/uploads_2012\/004_antxustegi-300x200.jpg 300w\" sizes=\"auto, (max-width: 450px) 100vw, 450px\" \/><\/p>\n<p><strong>1- Indudablemente tu mejor rallye del nacional 2010, fue el Pr\u00edncipe de Asturias, en cuanto a resultados. \u00bfFue ese tu mejor rallye?<\/strong><\/p>\n<p>Por supuesto. Porque hicimos un rallye de menos a m\u00e1s y sin desperfectos.<\/p>\n<p><strong>2- Vas a seguir con el Suzuki Swift S1600 y de nuevo tendr\u00e1s de compa\u00f1ero de equipo a Joan Vinyes. \u00bfCrees que podr\u00e1s batirlo este a\u00f1o?<\/strong><\/p>\n<p>Todo es posible, pero todos sabemos cuanto corre Joan, aunque lo intentaremos.<\/p>\n<p><strong>3- De Markina tambi\u00e9n sali\u00f3 tu buen amigo Txus Jaio. \u00bfFue \u00e9l uno de los que te impulsaron en el mundo de los rallyes?<\/strong><\/p>\n<p>No, porque lo conoc\u00ed despu\u00e9s de meterme en este mundillo, pero me ha ayudado mucho.<\/p>\n<p><strong>4- \u00bfUn coche?<\/strong><\/p>\n<p>Un S2000.<\/p>\n<p><strong>5- \u00bfQue te parece que vuelvan de nuevo los Kit-Car al nacional?<\/strong><\/p>\n<p>Para nosotros muy mal, porque son coches superiores y de 2 ruedas motrices, aunque no punt\u00faen.<\/p>\n","protected":false},"excerpt":{"rendered":"<p>1- Indudablemente tu mejor rallye del nacional 2010, fue el Pr\u00edncipe de Asturias, en cuanto a resultados. \u00bfFue ese tu mejor rallye? Por supuesto. Porque hicimos un rallye de menos a m\u00e1s y sin desperfectos. 2- Vas a seguir con el Suzuki Swift S1600 y de nuevo tendr\u00e1s de compa\u00f1ero de equipo a Joan Vinyes. [&hellip;]<\/p>\n","protected":false},"author":1,"featured_media":0,"comment_status":"closed","ping_status":"closed","sticky":false,"template":"","format":"standard","meta":{"footnotes":""},"categories":[51,9,175,6,5,4],"tags":[],"class_list":["post-727","post","type-post","status-publish","format-standard","hentry","category-antxustegi","category-bizkaia","category-entrevista","category-euskadi","category-nacional","category-rallyes"],"_links":{"self":[{"href":"https:\/\/www.mfoto.es\/noticias\/index.php?rest_route=\/wp\/v2\/posts\/727","targetHints":{"allow":["GET"]}}],"collection":[{"href":"https:\/\/www.mfoto.es\/noticias\/index.php?rest_route=\/wp\/v2\/posts"}],"about":[{"href":"https:\/\/www.mfoto.es\/noticias\/index.php?rest_route=\/wp\/v2\/types\/post"}],"author":[{"embeddable":true,"href":"https:\/\/www.mfoto.es\/noticias\/index.php?rest_route=\/wp\/v2\/users\/1"}],"replies":[{"embeddable":true,"href":"https:\/\/www.mfoto.es\/noticias\/index.php?rest_route=%2Fwp%2Fv2%2Fcomments&post=727"}],"version-history":[{"count":0,"href":"https:\/\/www.mfoto.es\/noticias\/index.php?rest_route=\/wp\/v2\/posts\/727\/revisions"}],"wp:attachment":[{"href":"https:\/\/www.mfoto.es\/noticias\/index.php?rest_route=%2Fwp%2Fv2%2Fmedia&parent=727"}],"wp:term":[{"taxonomy":"category","embeddable":true,"href":"https:\/\/www.mfoto.es\/noticias\/index.php?rest_route=%2Fwp%2Fv2%2Fcategories&post=727"},{"taxonomy":"post_tag","embeddable":true,"href":"https:\/\/www.mfoto.es\/noticias\/index.php?rest_route=%2Fwp%2Fv2%2Ftags&post=727"}],"curies":[{"name":"wp","href":"https:\/\/api.w.org\/{rel}","templated":true}]}}