{"id":719,"date":"2011-01-30T12:31:04","date_gmt":"2011-01-30T11:31:04","guid":{"rendered":"http:\/\/www.mfoto.es\/2011\/?p=719"},"modified":"2011-01-30T12:31:04","modified_gmt":"2011-01-30T11:31:04","slug":"se-celebro-la-gala-de-entrega-de-premios-de-los-campeonatos-bizkainos-2010","status":"publish","type":"post","link":"https:\/\/www.mfoto.es\/noticias\/?p=719","title":{"rendered":"Se celebr\u00f3 la gala de entrega de premios de los Campeonatos Bizkainos 2010"},"content":{"rendered":"<p><img loading=\"lazy\" decoding=\"async\" class=\"alignleft\" src=\"https:\/\/www.mfoto.es\/logos\/foto.gif\" alt=\"\" width=\"50\" height=\"36\" \/><\/p>\n<p><a href=\"https:\/\/www.mfoto.es\/fotos\/2011\/001_gala_bizkaina\/index.html\">VER FOTOS DE LA GALA DE LA FEDERACION BIZKAINA<\/a><\/p>\n<p><img loading=\"lazy\" decoding=\"async\" class=\"alignnone size-full wp-image-720\" title=\"2011_003_gala_bizkaina\" src=\"https:\/\/www.mfoto.es\/2011\/wp-content\/uploads\/2011_003_gala_bizkaina.jpg\" alt=\"\" width=\"450\" height=\"299\" srcset=\"https:\/\/www.mfoto.es\/noticias\/wp-content\/uploads_2012\/003_gala_bizkaina.jpg 450w, https:\/\/www.mfoto.es\/noticias\/wp-content\/uploads_2012\/003_gala_bizkaina-300x199.jpg 300w\" sizes=\"auto, (max-width: 450px) 100vw, 450px\" \/><\/p>\n<p>El s\u00e1bado 30 de Enero, se celebr\u00f3 la gala de la Federaci\u00f3n Bizkaina de Automovilismo, en la que se entregaron los trofeos de los Campeonatos Bizkainos de Automovilismo 2010. El acto tuvo lugar en el reci\u00e9n inaugurado Gran Casino de Bilbao situado en Alameda de Urquijo N\u00ba 13.<\/p>\n<p>Los principales galardonados fueron Xabier Lujua y Txiki Burgos (Campeones de Rallyes), Iker Ercilla (Campe\u00f3n de Slalom), Aitor Carrocera y Oskar Fern\u00e1ndez (Campeones de Regularidad Sport) y Ugaitz Basaras (Campe\u00f3n Junior de Rallyes).<\/p>\n<p>Se repartieron numerosos trofeos a los ganadores de las diferentes clases, que fueron entregados por Angel Gurrutxaga presidente de la Federaci\u00f3n Vasca, Iker Torrontegi, presidente de la Federaci\u00f3n Bizkaina, Luis Nu\u00f1ez de la Asociaci\u00f3n de Federaciones Deportivas de Bizkaia y Jos\u00e9 Felipe M\u00fagica de la Escuder\u00eda Nervi\u00f3n.<\/p>\n<p>Antes de terminar, se entregaron placas de reconocimiento a Xabier Lujua, Gorka Antxustegi e I\u00f1igo Olabegogeaskoetxea por sus actuaciones en el Campeonato de Espa\u00f1a de Rallyes, a Igor Urien por su segundo puesto en el Open de Espa\u00f1a de Prototipos en circuitos y\u00a0 para terminar se entreg\u00f3 una placa a Luis Fernando Baranda de Onda Cero, por su continuo seguimiento del automovilismo bizkaino en la radio.<\/p>\n<p>El acto finaliz\u00f3 con un animado lunch para los numerosos invitados.<\/p>\n","protected":false},"excerpt":{"rendered":"<p>VER FOTOS DE LA GALA DE LA FEDERACION BIZKAINA El s\u00e1bado 30 de Enero, se celebr\u00f3 la gala de la Federaci\u00f3n Bizkaina de Automovilismo, en la que se entregaron los trofeos de los Campeonatos Bizkainos de Automovilismo 2010. El acto tuvo lugar en el reci\u00e9n inaugurado Gran Casino de Bilbao situado en Alameda de Urquijo [&hellip;]<\/p>\n","protected":false},"author":1,"featured_media":0,"comment_status":"closed","ping_status":"closed","sticky":false,"template":"","format":"standard","meta":{"footnotes":""},"categories":[51,9,16,6,54,5,178,4,13],"tags":[],"class_list":["post-719","post","type-post","status-publish","format-standard","hentry","category-antxustegi","category-bizkaia","category-clasicos","category-euskadi","category-lujua","category-nacional","category-olabegogeaskoetxea","category-rallyes","category-regularidad"],"_links":{"self":[{"href":"https:\/\/www.mfoto.es\/noticias\/index.php?rest_route=\/wp\/v2\/posts\/719","targetHints":{"allow":["GET"]}}],"collection":[{"href":"https:\/\/www.mfoto.es\/noticias\/index.php?rest_route=\/wp\/v2\/posts"}],"about":[{"href":"https:\/\/www.mfoto.es\/noticias\/index.php?rest_route=\/wp\/v2\/types\/post"}],"author":[{"embeddable":true,"href":"https:\/\/www.mfoto.es\/noticias\/index.php?rest_route=\/wp\/v2\/users\/1"}],"replies":[{"embeddable":true,"href":"https:\/\/www.mfoto.es\/noticias\/index.php?rest_route=%2Fwp%2Fv2%2Fcomments&post=719"}],"version-history":[{"count":0,"href":"https:\/\/www.mfoto.es\/noticias\/index.php?rest_route=\/wp\/v2\/posts\/719\/revisions"}],"wp:attachment":[{"href":"https:\/\/www.mfoto.es\/noticias\/index.php?rest_route=%2Fwp%2Fv2%2Fmedia&parent=719"}],"wp:term":[{"taxonomy":"category","embeddable":true,"href":"https:\/\/www.mfoto.es\/noticias\/index.php?rest_route=%2Fwp%2Fv2%2Fcategories&post=719"},{"taxonomy":"post_tag","embeddable":true,"href":"https:\/\/www.mfoto.es\/noticias\/index.php?rest_route=%2Fwp%2Fv2%2Ftags&post=719"}],"curies":[{"name":"wp","href":"https:\/\/api.w.org\/{rel}","templated":true}]}}