{"id":708,"date":"2011-01-18T13:51:32","date_gmt":"2011-01-18T12:51:32","guid":{"rendered":"http:\/\/www.mfoto.es\/2011\/?p=708"},"modified":"2011-01-18T13:51:32","modified_gmt":"2011-01-18T12:51:32","slug":"entrevista-a-inigo-olabegogeaskoetxea","status":"publish","type":"post","link":"https:\/\/www.mfoto.es\/noticias\/?p=708","title":{"rendered":"Entrevista a I\u00f1igo Olabegogeaskoetxea"},"content":{"rendered":"<p><img loading=\"lazy\" decoding=\"async\" class=\"alignnone size-full wp-image-709\" title=\"2011_002_olabegogeaskoetxea\" src=\"https:\/\/www.mfoto.es\/2011\/wp-content\/uploads\/2011_002_olabegogeaskoetxea.jpg\" alt=\"\" width=\"450\" height=\"300\" srcset=\"https:\/\/www.mfoto.es\/noticias\/wp-content\/uploads_2012\/002_olabegogeaskoetxea.jpg 450w, https:\/\/www.mfoto.es\/noticias\/wp-content\/uploads_2012\/002_olabegogeaskoetxea-300x200.jpg 300w\" sizes=\"auto, (max-width: 450px) 100vw, 450px\" \/><\/p>\n<p><strong>1- A finales del a\u00f1o pasado, adquiriste un Suzuki Swift de la Copa, con el que has hecho una primera toma de contacto en el Rallye Comunidad de Madrid. \u00bfQu\u00e9 conclusiones has sacado de cara al Campeonato 2011?<\/strong><\/p>\n<p>Las conclusiones que sacamos en el pasado Rallye de Madrid fueron buenas, aprendimos como hab\u00eda que hacer las cosas dentro de un rallye del nacional y vimos que se puede estar con los primeros clasificados de la Copa Suzuki Swift y que pod\u00edamos tener opciones de estar en las primeras posiciones del campeonato.<\/p>\n<p><strong>2- Nunca hab\u00edas corrido una prueba del Campeonato de Espa\u00f1a de Rallyes. \u00bfQu\u00e9 tal fue la experiencia?<\/strong><\/p>\n<p>La experiencia de correr un rallye del nacional fue muy positiva, aprendimos mucho de cara al a\u00f1o pr\u00f3ximo.<\/p>\n<p><strong>3- Debido a la crisis, encontrar sponsors es m\u00e1s complicado. \u00bfQu\u00e9 tal os ha ido a vosotros?<\/strong><\/p>\n<p>De momento estamos esperando la respuesta de varios sponsors, pero con la esperanza de poder reunir el presupuesto necesario para hacer el campeonato con garant\u00edas.<\/p>\n<p><strong>4- Si fueras el Campe\u00f3n 2011 de la Copa Suzuki. \u00bfCu\u00e1l puede ser tu siguiente meta?<\/strong><\/p>\n<p>Si fu\u00e9ramos campeones de la Copa Suzuki Swift 2011, no s\u00e9 qu\u00e9 ser\u00eda lo siguiente, pero me gustar\u00eda seguir corriendo en el nacional, dentro de una copa monomarca, porque correr con un coche m\u00e1s potente es algo impensable, a no ser que apareciera alg\u00fan sponsor fuerte, pero es muy complicado visto como esta la econom\u00eda.<\/p>\n<p><strong>5- \u00bfUn \u00eddolo?<\/strong><\/p>\n<p>No s\u00e9 si ser\u00eda \u00eddolo, pero un piloto que me gusta mucho es Sergio Vallejo.<\/p>\n","protected":false},"excerpt":{"rendered":"<p>1- A finales del a\u00f1o pasado, adquiriste un Suzuki Swift de la Copa, con el que has hecho una primera toma de contacto en el Rallye Comunidad de Madrid. \u00bfQu\u00e9 conclusiones has sacado de cara al Campeonato 2011? Las conclusiones que sacamos en el pasado Rallye de Madrid fueron buenas, aprendimos como hab\u00eda que hacer [&hellip;]<\/p>\n","protected":false},"author":1,"featured_media":0,"comment_status":"closed","ping_status":"closed","sticky":false,"template":"","format":"standard","meta":{"footnotes":""},"categories":[9,175,6,5,178,4],"tags":[],"class_list":["post-708","post","type-post","status-publish","format-standard","hentry","category-bizkaia","category-entrevista","category-euskadi","category-nacional","category-olabegogeaskoetxea","category-rallyes"],"_links":{"self":[{"href":"https:\/\/www.mfoto.es\/noticias\/index.php?rest_route=\/wp\/v2\/posts\/708","targetHints":{"allow":["GET"]}}],"collection":[{"href":"https:\/\/www.mfoto.es\/noticias\/index.php?rest_route=\/wp\/v2\/posts"}],"about":[{"href":"https:\/\/www.mfoto.es\/noticias\/index.php?rest_route=\/wp\/v2\/types\/post"}],"author":[{"embeddable":true,"href":"https:\/\/www.mfoto.es\/noticias\/index.php?rest_route=\/wp\/v2\/users\/1"}],"replies":[{"embeddable":true,"href":"https:\/\/www.mfoto.es\/noticias\/index.php?rest_route=%2Fwp%2Fv2%2Fcomments&post=708"}],"version-history":[{"count":0,"href":"https:\/\/www.mfoto.es\/noticias\/index.php?rest_route=\/wp\/v2\/posts\/708\/revisions"}],"wp:attachment":[{"href":"https:\/\/www.mfoto.es\/noticias\/index.php?rest_route=%2Fwp%2Fv2%2Fmedia&parent=708"}],"wp:term":[{"taxonomy":"category","embeddable":true,"href":"https:\/\/www.mfoto.es\/noticias\/index.php?rest_route=%2Fwp%2Fv2%2Fcategories&post=708"},{"taxonomy":"post_tag","embeddable":true,"href":"https:\/\/www.mfoto.es\/noticias\/index.php?rest_route=%2Fwp%2Fv2%2Ftags&post=708"}],"curies":[{"name":"wp","href":"https:\/\/api.w.org\/{rel}","templated":true}]}}