{"id":688,"date":"2010-12-26T21:10:41","date_gmt":"2010-12-26T20:10:41","guid":{"rendered":"http:\/\/www.mfoto.es\/2011\/?p=688"},"modified":"2010-12-26T21:10:41","modified_gmt":"2010-12-26T20:10:41","slug":"entrevista-a-xabier-lujua-campeon-vasco-de-rallyes","status":"publish","type":"post","link":"https:\/\/www.mfoto.es\/noticias\/?p=688","title":{"rendered":"Entrevista a Xabier Lujua &#8211; Campe\u00f3n Vasco de Rallyes 2010"},"content":{"rendered":"<p><img loading=\"lazy\" decoding=\"async\" class=\"alignnone size-full wp-image-696\" title=\"091_lujua\" src=\"https:\/\/www.mfoto.es\/noticias\/wp-content\/uploads_2012\/091_lujua-1.jpg\" alt=\"\" width=\"450\" height=\"300\" \/><a href=\"https:\/\/www.mfoto.es\/noticias\/wp-content\/uploads_2012\/091_lujua-1.jpg\"><\/a><\/p>\n<p style=\"text-align: justify;\"><strong>1- \u00bfQue valoraci\u00f3n haces de la temporada que acaba de concluir?<\/strong><\/p>\n<p style=\"text-align: justify;\">Al final la hemos enderezado ganando el Campeonato Vasco, pero ha sido una temporada complicada, porque aunque empezamos bien en el Nacional ganando la Mitsubishi Evo Cup en el primer rallye, luego se nos empezaron a torcer las cosas por los abandonos, debido a aver\u00edas tontas y a alguna salida de carretera cuando est\u00e1bamos haciendo buenos rallyes, lo cual nos hizo dejar el Campeonato de Espa\u00f1a pr\u00e1cticamente abandonado.<\/p>\n<p style=\"text-align: justify;\">Por otro lado hemos demostrado ser muy r\u00e1pidos en cada rallye que hemos acudido, si la suerte nos hubiese respetado un poco m\u00e1s, hubi\u00e9semos estado en el podium en varios rallyes y hubi\u00e9semos ganado la Mitsubishi Evo Cup.<\/p>\n<p style=\"text-align: justify;\"><strong>2- Has ganado tu segundo Campeonato Vasco de Rallyes, corriendo s\u00f3lo tres carreras. \u00bfTe parece que ha sido m\u00e1s f\u00e1cil de lo previsto?<\/strong><\/p>\n<p style=\"text-align: justify;\">La verdad que ha sido un poco m\u00e1s f\u00e1cil que el que ganamos en 2008, pero f\u00e1cil no ha sido, porque no s\u00f3lo vale con ir muy r\u00e1pido, sino que los rallyes tambi\u00e9n hab\u00eda que terminarlos y ganar los dos \u00faltimos como hicimos, ya que hab\u00eda participado en menos pruebas que algunos de mis rivales y no pod\u00edamos fallar.<\/p>\n<p style=\"text-align: justify;\"><strong>3- \u00bfQue tal fue tu experiencia con el Ford Fiesta S2000 en el Rallye de Llanes?<\/strong><\/p>\n<p style=\"text-align: justify;\">Fue una experiencia muy bonita, cuando nos ofrecieron pilotar el coche la semana anterior al rallye fue una gran sorpresa. Nos montamos sin probar apenas el veh\u00edculo, un veh\u00edculo totalmente diferente a lo que hab\u00eda pilotado anteriormente.<\/p>\n<p style=\"text-align: justify;\">Aunque el resultado no fue demasiado bueno, quinta posici\u00f3n final, los tiempos en los tramos finales del rallye s\u00ed lo fueron, y la verdad es que nos divertimos much\u00edsimo.<\/p>\n<p style=\"text-align: justify;\"><strong>4- \u00bfUna an\u00e9cdota de la temporada?<\/strong><\/p>\n<p style=\"text-align: justify;\">Te voy a contar una mala, la de la \u00faltima prueba del a\u00f1o, el Rallye Race Comunidad de Madrid, cuando despu\u00e9s de estar haciendo un rallye fant\u00e1stico, cuando ten\u00edamos\u00a0 el tercer puesto en el bolsillo, me dice mi copiloto Txiki antes de salir al \u00faltimo tramo \u201cbueno ya esta nuestro primer podium en el Campeonato de Espa\u00f1a, unas vueltitas al Jarama y a por la copa\u201d y me acuerdo que le conteste \u201cno hay que emocionarse, que hasta que no demos las vueltas no ha acabado el rallye\u201d\u00a0 y al final nos tuvimos que quedar con la miel en los labios, aunque parec\u00eda que estaba todo hecho, una aver\u00eda en la caja de cambios nos priv\u00f3 de la tercera posici\u00f3n, conseguimos acabar de milagro despu\u00e9s de perder medio minuto, aunque en 5\u00aa posici\u00f3n.<\/p>\n<p style=\"text-align: justify;\"><strong>5- \u00bfCuales son tus planes para la pr\u00f3xima temporada?<\/strong><\/p>\n<p style=\"text-align: justify;\">A d\u00eda de hoy lo \u00fanico que tengo pr\u00e1cticamente seguro es el Mitsubishi Evo X, con el que hemos competido este a\u00f1o, por que todas las dem\u00e1s opciones de veh\u00edculos superiores se escapan totalmente del presupuesto.<\/p>\n<p style=\"text-align: justify;\">En principio correremos de nuevo el Campeonato Vasco de Rallyes y si consigo el presupuesto necesario, que es lo que estamos intentando, haremos el Campeonato de Espa\u00f1a casi al completo.<\/p>\n<p style=\"text-align: justify;\">Si no sale, pues correr\u00e9 los 3\u00a0\u00f3 4 rallyes que m\u00e1s me gusten, con la intenci\u00f3n de salir a por todas, luchando por el podium en cada una de ellas y por ganar la Mitsubishi Evo Cup.<\/p>\n<p style=\"text-align: justify;\">\u00a0<\/p>\n","protected":false},"excerpt":{"rendered":"<p>1- \u00bfQue valoraci\u00f3n haces de la temporada que acaba de concluir? Al final la hemos enderezado ganando el Campeonato Vasco, pero ha sido una temporada complicada, porque aunque empezamos bien en el Nacional ganando la Mitsubishi Evo Cup en el primer rallye, luego se nos empezaron a torcer las cosas por los abandonos, debido a [&hellip;]<\/p>\n","protected":false},"author":1,"featured_media":0,"comment_status":"closed","ping_status":"closed","sticky":false,"template":"","format":"standard","meta":{"footnotes":""},"categories":[9,175,6,54,5,4],"tags":[],"class_list":["post-688","post","type-post","status-publish","format-standard","hentry","category-bizkaia","category-entrevista","category-euskadi","category-lujua","category-nacional","category-rallyes"],"_links":{"self":[{"href":"https:\/\/www.mfoto.es\/noticias\/index.php?rest_route=\/wp\/v2\/posts\/688","targetHints":{"allow":["GET"]}}],"collection":[{"href":"https:\/\/www.mfoto.es\/noticias\/index.php?rest_route=\/wp\/v2\/posts"}],"about":[{"href":"https:\/\/www.mfoto.es\/noticias\/index.php?rest_route=\/wp\/v2\/types\/post"}],"author":[{"embeddable":true,"href":"https:\/\/www.mfoto.es\/noticias\/index.php?rest_route=\/wp\/v2\/users\/1"}],"replies":[{"embeddable":true,"href":"https:\/\/www.mfoto.es\/noticias\/index.php?rest_route=%2Fwp%2Fv2%2Fcomments&post=688"}],"version-history":[{"count":0,"href":"https:\/\/www.mfoto.es\/noticias\/index.php?rest_route=\/wp\/v2\/posts\/688\/revisions"}],"wp:attachment":[{"href":"https:\/\/www.mfoto.es\/noticias\/index.php?rest_route=%2Fwp%2Fv2%2Fmedia&parent=688"}],"wp:term":[{"taxonomy":"category","embeddable":true,"href":"https:\/\/www.mfoto.es\/noticias\/index.php?rest_route=%2Fwp%2Fv2%2Fcategories&post=688"},{"taxonomy":"post_tag","embeddable":true,"href":"https:\/\/www.mfoto.es\/noticias\/index.php?rest_route=%2Fwp%2Fv2%2Ftags&post=688"}],"curies":[{"name":"wp","href":"https:\/\/api.w.org\/{rel}","templated":true}]}}