{"id":643,"date":"2010-11-29T20:10:07","date_gmt":"2010-11-29T19:10:07","guid":{"rendered":"http:\/\/www.mfoto.es\/2011\/?p=643"},"modified":"2010-11-29T20:10:07","modified_gmt":"2010-11-29T19:10:07","slug":"victoria-de-pedro-burgo-en-el-rallye-comunidad-de-madrid","status":"publish","type":"post","link":"https:\/\/www.mfoto.es\/noticias\/?p=643","title":{"rendered":"Victoria de Pedro Burgo en el Rallye Comunidad de Madrid"},"content":{"rendered":"<p><img loading=\"lazy\" decoding=\"async\" class=\"alignleft\" src=\"https:\/\/www.mfoto.es\/logos\/foto.gif\" alt=\"\" width=\"50\" height=\"36\" \/><\/p>\n<p><a href=\"https:\/\/www.mfoto.es\/fotos\/2010\/53_madrid\/index.html\">VER FOTOS DEL RALLYE COMUNIDAD DE MADRID<\/a><\/p>\n<p><img loading=\"lazy\" decoding=\"async\" class=\"alignnone size-full wp-image-644\" title=\"084_burgo_madrid\" src=\"https:\/\/www.mfoto.es\/noticias\/wp-content\/uploads_2012\/084_burgo_madrid.jpg\" alt=\"\" width=\"450\" height=\"299\" srcset=\"https:\/\/www.mfoto.es\/noticias\/wp-content\/uploads_2012\/084_burgo_madrid.jpg 450w, https:\/\/www.mfoto.es\/noticias\/wp-content\/uploads_2012\/084_burgo_madrid-300x199.jpg 300w\" sizes=\"auto, (max-width: 450px) 100vw, 450px\" \/><\/p>\n<p>Los hermanos Pedro y Marcos Burgo se impon\u00edan en el Rallye Comunidad de Madrid con su Mitsubishi Evo X. Alberto Hevia con el Skoda Fabia S2000 era segundo a 41 segundos y la tercera plaza era para V\u00edctor Senra con otro Mitsubishi Evo X a un minuto.<\/p>\n<p>Destacar el rallye realizado por el local Alberto Monarri con un Subaru Impreza, que domin\u00f3 la prueba hasta que en el pen\u00faltimo tramo sufri\u00f3 una salida de carretera que le oblig\u00f3 a abandonar.<\/p>\n<p>El trofeo de Espa\u00f1a R3 y el Junior eran para Jose Antonio Su\u00e1rez \u00abCohete\u00bb, con el Renault Clio R3, la Mitsubishi Evo Cup para V\u00edctor Senra, en la Copa Suzuki venc\u00eda el c\u00e1ntabro Victor P\u00e9rez y en la clasificaci\u00f3n de dos ruedas motrices el l\u00edder era Joan Vinyes con el Suzuki Swift S1600.<\/p>\n<p>CLASIFICACI\u00d3N:<\/p>\n<p>1\u00ba Burgo-Burgo (Mitsubishi Evo X) 1:12:32.2<br \/>\n2\u00ba Hevia-Iglesias (Skoda Fabia S2000) a 41.4<br \/>\n3\u00ba Senra-Vazquez (Mitsubishi Evo X) a 1:00.5<br \/>\n4\u00ba Cima-Gonzalez (Mitsubishi Evo X) a 1:22.5<br \/>\n5\u00ba Lujua-Burgos (Mitsubishi Evo X) a 1:23.2<\/p>\n","protected":false},"excerpt":{"rendered":"<p>VER FOTOS DEL RALLYE COMUNIDAD DE MADRID Los hermanos Pedro y Marcos Burgo se impon\u00edan en el Rallye Comunidad de Madrid con su Mitsubishi Evo X. Alberto Hevia con el Skoda Fabia S2000 era segundo a 41 segundos y la tercera plaza era para V\u00edctor Senra con otro Mitsubishi Evo X a un minuto. Destacar [&hellip;]<\/p>\n","protected":false},"author":1,"featured_media":0,"comment_status":"closed","ping_status":"closed","sticky":false,"template":"","format":"standard","meta":{"footnotes":""},"categories":[54,34,5,4],"tags":[],"class_list":["post-643","post","type-post","status-publish","format-standard","hentry","category-lujua","category-madrid","category-nacional","category-rallyes"],"_links":{"self":[{"href":"https:\/\/www.mfoto.es\/noticias\/index.php?rest_route=\/wp\/v2\/posts\/643","targetHints":{"allow":["GET"]}}],"collection":[{"href":"https:\/\/www.mfoto.es\/noticias\/index.php?rest_route=\/wp\/v2\/posts"}],"about":[{"href":"https:\/\/www.mfoto.es\/noticias\/index.php?rest_route=\/wp\/v2\/types\/post"}],"author":[{"embeddable":true,"href":"https:\/\/www.mfoto.es\/noticias\/index.php?rest_route=\/wp\/v2\/users\/1"}],"replies":[{"embeddable":true,"href":"https:\/\/www.mfoto.es\/noticias\/index.php?rest_route=%2Fwp%2Fv2%2Fcomments&post=643"}],"version-history":[{"count":0,"href":"https:\/\/www.mfoto.es\/noticias\/index.php?rest_route=\/wp\/v2\/posts\/643\/revisions"}],"wp:attachment":[{"href":"https:\/\/www.mfoto.es\/noticias\/index.php?rest_route=%2Fwp%2Fv2%2Fmedia&parent=643"}],"wp:term":[{"taxonomy":"category","embeddable":true,"href":"https:\/\/www.mfoto.es\/noticias\/index.php?rest_route=%2Fwp%2Fv2%2Fcategories&post=643"},{"taxonomy":"post_tag","embeddable":true,"href":"https:\/\/www.mfoto.es\/noticias\/index.php?rest_route=%2Fwp%2Fv2%2Ftags&post=643"}],"curies":[{"name":"wp","href":"https:\/\/api.w.org\/{rel}","templated":true}]}}