{"id":638,"date":"2010-11-28T23:35:05","date_gmt":"2010-11-28T22:35:05","guid":{"rendered":"http:\/\/www.mfoto.es\/2011\/?p=638"},"modified":"2010-11-28T23:35:05","modified_gmt":"2010-11-28T22:35:05","slug":"xavier-lujua-termina-quinto-en-el-rallye-comunidad-de-madrid","status":"publish","type":"post","link":"https:\/\/www.mfoto.es\/noticias\/?p=638","title":{"rendered":"Xavier Lujua termina quinto en el Rallye Comunidad de Madrid"},"content":{"rendered":"<p><img loading=\"lazy\" decoding=\"async\" class=\"alignleft\" src=\"https:\/\/www.mfoto.es\/logos\/foto.gif\" alt=\"\" width=\"50\" height=\"36\" \/><\/p>\n<p><a href=\"https:\/\/www.mfoto.es\/fotos\/2010\/53_madrid\/index.html\">VER FOTOS DEL RALLYE COMUNIDAD DE MADRID<\/a><\/p>\n<p><img loading=\"lazy\" decoding=\"async\" class=\"alignnone size-full wp-image-639\" title=\"083_lujua_madrid\" src=\"https:\/\/www.mfoto.es\/noticias\/wp-content\/uploads_2012\/083_lujua_madrid.jpg\" alt=\"\" width=\"450\" height=\"300\" srcset=\"https:\/\/www.mfoto.es\/noticias\/wp-content\/uploads_2012\/083_lujua_madrid.jpg 450w, https:\/\/www.mfoto.es\/noticias\/wp-content\/uploads_2012\/083_lujua_madrid-300x200.jpg 300w\" sizes=\"auto, (max-width: 450px) 100vw, 450px\" \/><\/p>\n<p>El equipo formado por los bilba\u00ednos Xavier Lujua y Txiki Burgos, con un Mitsubishi Evo X, terminaron en quinta posici\u00f3n final en el Rallye Comunidad de Madrid, tras una aver\u00eda en la caja de cambios en el \u00faltimo tramo, cuando rodaban en tercera posici\u00f3n de la clasificaci\u00f3n general y cuando eran l\u00edderes de la Mitsubishi Evo Cup.<\/p>\n<p>La prueba se caracteriz\u00f3 por el dif\u00edcil estado de las carreteras, con abundantes placas de hielo, debido a las baj\u00edsimas temperaturas.<\/p>\n<p>El resto de pilotos vascos presentes, tambi\u00e9n terminaron la prueba, Gorka Antxustegi con el Suzuki Swift S1600 en la posici\u00f3n decimocuarta y segundo de la categor\u00eda de dos ruedas motrices, \u00c1ngela Vilari\u00f1o y Ainhoa Sarasua con un Subaru Impreza en decimoctava posici\u00f3n y el equipo formado por I\u00f1igo Olabegogeaskoetxea y Aketza Santacoloma con un Suzuki Swift Gr.N en trig\u00e9simo primera posici\u00f3n y sextos de la Copa Suzuki.<\/p>\n<p>La victoria de la prueba era para los gallegos Pedro y Marcos Burgo con un Mitsubishi Evo X<\/p>\n<p>CLASIFICACI\u00d3N:<\/p>\n<p>1\u00ba Burgo-Burgo (Mitsubishi Evo X) 1:12:32.2<br \/>\n2\u00ba Hevia-Iglesias (Skoda Fabia S2000) a 41.4<br \/>\n3\u00ba Senra-Vazquez (Mitsubishi Evo X) a 1:00.5<br \/>\n4\u00ba Cima-Gonzalez (Mitsubishi Evo X) a 1:22.5<br \/>\n<strong>5\u00ba Lujua-Burgos (Mitsubishi Evo X) a 1:23.2<\/strong><\/p>\n<p><strong>14\u00ba Antxustegi Suarez (Suzuki Swift S1600) a 3:25.5<br \/>\n18\u00ba Vilari\u00f1o-Sarasua (Subaru Impreza) a 6:00.9<br \/>\n31\u00ba Olabegogeaskoetxea-Santacoloma (Suzuki Swift) a 14:18.8<\/strong><\/p>\n<p><strong>\u00a0<\/strong><\/p>\n","protected":false},"excerpt":{"rendered":"<p>VER FOTOS DEL RALLYE COMUNIDAD DE MADRID El equipo formado por los bilba\u00ednos Xavier Lujua y Txiki Burgos, con un Mitsubishi Evo X, terminaron en quinta posici\u00f3n final en el Rallye Comunidad de Madrid, tras una aver\u00eda en la caja de cambios en el \u00faltimo tramo, cuando rodaban en tercera posici\u00f3n de la clasificaci\u00f3n general [&hellip;]<\/p>\n","protected":false},"author":1,"featured_media":0,"comment_status":"closed","ping_status":"closed","sticky":false,"template":"","format":"standard","meta":{"footnotes":""},"categories":[51,54,34,178,4,169],"tags":[],"class_list":["post-638","post","type-post","status-publish","format-standard","hentry","category-antxustegi","category-lujua","category-madrid","category-olabegogeaskoetxea","category-rallyes","category-vilarino"],"_links":{"self":[{"href":"https:\/\/www.mfoto.es\/noticias\/index.php?rest_route=\/wp\/v2\/posts\/638","targetHints":{"allow":["GET"]}}],"collection":[{"href":"https:\/\/www.mfoto.es\/noticias\/index.php?rest_route=\/wp\/v2\/posts"}],"about":[{"href":"https:\/\/www.mfoto.es\/noticias\/index.php?rest_route=\/wp\/v2\/types\/post"}],"author":[{"embeddable":true,"href":"https:\/\/www.mfoto.es\/noticias\/index.php?rest_route=\/wp\/v2\/users\/1"}],"replies":[{"embeddable":true,"href":"https:\/\/www.mfoto.es\/noticias\/index.php?rest_route=%2Fwp%2Fv2%2Fcomments&post=638"}],"version-history":[{"count":0,"href":"https:\/\/www.mfoto.es\/noticias\/index.php?rest_route=\/wp\/v2\/posts\/638\/revisions"}],"wp:attachment":[{"href":"https:\/\/www.mfoto.es\/noticias\/index.php?rest_route=%2Fwp%2Fv2%2Fmedia&parent=638"}],"wp:term":[{"taxonomy":"category","embeddable":true,"href":"https:\/\/www.mfoto.es\/noticias\/index.php?rest_route=%2Fwp%2Fv2%2Fcategories&post=638"},{"taxonomy":"post_tag","embeddable":true,"href":"https:\/\/www.mfoto.es\/noticias\/index.php?rest_route=%2Fwp%2Fv2%2Ftags&post=638"}],"curies":[{"name":"wp","href":"https:\/\/api.w.org\/{rel}","templated":true}]}}