{"id":635,"date":"2010-11-26T13:39:46","date_gmt":"2010-11-26T12:39:46","guid":{"rendered":"http:\/\/www.mfoto.es\/2011\/?p=635"},"modified":"2010-11-26T13:39:46","modified_gmt":"2010-11-26T12:39:46","slug":"cuatro-equipos-vascos-en-el-rallye-comunidad-de-madrid","status":"publish","type":"post","link":"https:\/\/www.mfoto.es\/noticias\/?p=635","title":{"rendered":"Cuatro equipos vascos en el Rallye Comunidad de Madrid"},"content":{"rendered":"<p><img loading=\"lazy\" decoding=\"async\" class=\"alignnone size-full wp-image-634\" title=\"082_vascos_madrid\" src=\"https:\/\/www.mfoto.es\/noticias\/wp-content\/uploads_2012\/082_vascos_madrid.jpg\" alt=\"\" width=\"450\" height=\"300\" srcset=\"https:\/\/www.mfoto.es\/noticias\/wp-content\/uploads_2012\/082_vascos_madrid.jpg 450w, https:\/\/www.mfoto.es\/noticias\/wp-content\/uploads_2012\/082_vascos_madrid-300x200.jpg 300w\" sizes=\"auto, (max-width: 450px) 100vw, 450px\" \/><\/p>\n<p>Xavier Lujua y Txiki Burgos, los actuales Campeones Vascos de Rallyes, correr\u00e1n con un Mitsubishi Evo X, Gorka Antxustegi, copilotado por el asturiano Gabri Su\u00e1rez, llevar\u00e1 uno de los Suzuki Swift S1600 del equipo oficial, un equipo femenino, formado por las gipuzkoanas Angela Vilari\u00f1o y Ainhoa Sarasua a bordo de un Subaru Impreza y un equipo nuevo, el formado por I\u00f1igo Olabegogeaskoetxea y Aketza Santacoloma, que llevar\u00e1n un Suzuki Swift Gr.N de la Copa, son los cuatro equipos vascos que competir\u00e1n\u00a0en Madrid.<\/p>\n<p>El Rallye Comunidad de Madrid se celebrar\u00e1 los pr\u00f3ximos d\u00edas 26 y 27, y es la \u00faltima prueba puntuable del a\u00f1o para el campeonato de Espa\u00f1a de Rallyes.<\/p>\n<p>La prueba se tendr\u00e1 como base el Circuito del Jarama y se disputar\u00e1n 10 tramos cronometrados, con 150 km. cronometrados, para un total de 772 km. Se diputar\u00e1n los tramos del Jarama, Navafr\u00eda, Canencia, La Morcuera y El Atazar, todos ellos, cl\u00e1sicos de los rallyes madrile\u00f1os. La salida y llegada de la prueba tendr\u00e1 lugar en el podium instalado junto al estadio Santiago Bernabeu.<\/p>\n","protected":false},"excerpt":{"rendered":"<p>Xavier Lujua y Txiki Burgos, los actuales Campeones Vascos de Rallyes, correr\u00e1n con un Mitsubishi Evo X, Gorka Antxustegi, copilotado por el asturiano Gabri Su\u00e1rez, llevar\u00e1 uno de los Suzuki Swift S1600 del equipo oficial, un equipo femenino, formado por las gipuzkoanas Angela Vilari\u00f1o y Ainhoa Sarasua a bordo de un Subaru Impreza y un [&hellip;]<\/p>\n","protected":false},"author":1,"featured_media":0,"comment_status":"closed","ping_status":"closed","sticky":false,"template":"","format":"standard","meta":{"footnotes":""},"categories":[51,54,5,178,4,169],"tags":[],"class_list":["post-635","post","type-post","status-publish","format-standard","hentry","category-antxustegi","category-lujua","category-nacional","category-olabegogeaskoetxea","category-rallyes","category-vilarino"],"_links":{"self":[{"href":"https:\/\/www.mfoto.es\/noticias\/index.php?rest_route=\/wp\/v2\/posts\/635","targetHints":{"allow":["GET"]}}],"collection":[{"href":"https:\/\/www.mfoto.es\/noticias\/index.php?rest_route=\/wp\/v2\/posts"}],"about":[{"href":"https:\/\/www.mfoto.es\/noticias\/index.php?rest_route=\/wp\/v2\/types\/post"}],"author":[{"embeddable":true,"href":"https:\/\/www.mfoto.es\/noticias\/index.php?rest_route=\/wp\/v2\/users\/1"}],"replies":[{"embeddable":true,"href":"https:\/\/www.mfoto.es\/noticias\/index.php?rest_route=%2Fwp%2Fv2%2Fcomments&post=635"}],"version-history":[{"count":0,"href":"https:\/\/www.mfoto.es\/noticias\/index.php?rest_route=\/wp\/v2\/posts\/635\/revisions"}],"wp:attachment":[{"href":"https:\/\/www.mfoto.es\/noticias\/index.php?rest_route=%2Fwp%2Fv2%2Fmedia&parent=635"}],"wp:term":[{"taxonomy":"category","embeddable":true,"href":"https:\/\/www.mfoto.es\/noticias\/index.php?rest_route=%2Fwp%2Fv2%2Fcategories&post=635"},{"taxonomy":"post_tag","embeddable":true,"href":"https:\/\/www.mfoto.es\/noticias\/index.php?rest_route=%2Fwp%2Fv2%2Ftags&post=635"}],"curies":[{"name":"wp","href":"https:\/\/api.w.org\/{rel}","templated":true}]}}