{"id":630,"date":"2010-11-22T19:41:33","date_gmt":"2010-11-22T18:41:33","guid":{"rendered":"http:\/\/www.mfoto.es\/2011\/?p=630"},"modified":"2010-11-22T19:41:33","modified_gmt":"2010-11-22T18:41:33","slug":"inigo-olabegogeaskoetxea-en-el-rallye-comunidad-de-madrid","status":"publish","type":"post","link":"https:\/\/www.mfoto.es\/noticias\/?p=630","title":{"rendered":"I\u00f1igo Olabegogeaskoetxea en el Rallye Comunidad de Madrid"},"content":{"rendered":"<p><img loading=\"lazy\" decoding=\"async\" class=\"alignnone size-full wp-image-631\" title=\"081_olabe_madrid\" src=\"https:\/\/www.mfoto.es\/noticias\/wp-content\/uploads_2012\/081_olabe_madrid.jpg\" alt=\"\" width=\"450\" height=\"300\" srcset=\"https:\/\/www.mfoto.es\/noticias\/wp-content\/uploads_2012\/081_olabe_madrid.jpg 450w, https:\/\/www.mfoto.es\/noticias\/wp-content\/uploads_2012\/081_olabe_madrid-300x200.jpg 300w\" sizes=\"auto, (max-width: 450px) 100vw, 450px\" \/><\/p>\n<p>El piloto del Duranguesado, I\u00f1igo Olabegogeaskoetxea, copilotado por Aketza Santacoloma, participar\u00e1n a bordo de un Suzuki Swift Gr.N, en el Rallye Comunidad de Madrid, los d\u00edas 26 y 27 de Noviembre, que es la \u00faltima prueba puntuable para el Campeonato de Espa\u00f1a de este a\u00f1o.<\/p>\n<p>Se trata de probar y adaptarse al veh\u00edculo de cara a la temporada 2011, en la que disputar\u00e1n la Copa Suzuki Swift en el Campeonato de Espa\u00f1a de Rallyes.<\/p>\n","protected":false},"excerpt":{"rendered":"<p>El piloto del Duranguesado, I\u00f1igo Olabegogeaskoetxea, copilotado por Aketza Santacoloma, participar\u00e1n a bordo de un Suzuki Swift Gr.N, en el Rallye Comunidad de Madrid, los d\u00edas 26 y 27 de Noviembre, que es la \u00faltima prueba puntuable para el Campeonato de Espa\u00f1a de este a\u00f1o. Se trata de probar y adaptarse al veh\u00edculo de cara [&hellip;]<\/p>\n","protected":false},"author":1,"featured_media":0,"comment_status":"closed","ping_status":"closed","sticky":false,"template":"","format":"standard","meta":{"footnotes":""},"categories":[5,178,4],"tags":[],"class_list":["post-630","post","type-post","status-publish","format-standard","hentry","category-nacional","category-olabegogeaskoetxea","category-rallyes"],"_links":{"self":[{"href":"https:\/\/www.mfoto.es\/noticias\/index.php?rest_route=\/wp\/v2\/posts\/630","targetHints":{"allow":["GET"]}}],"collection":[{"href":"https:\/\/www.mfoto.es\/noticias\/index.php?rest_route=\/wp\/v2\/posts"}],"about":[{"href":"https:\/\/www.mfoto.es\/noticias\/index.php?rest_route=\/wp\/v2\/types\/post"}],"author":[{"embeddable":true,"href":"https:\/\/www.mfoto.es\/noticias\/index.php?rest_route=\/wp\/v2\/users\/1"}],"replies":[{"embeddable":true,"href":"https:\/\/www.mfoto.es\/noticias\/index.php?rest_route=%2Fwp%2Fv2%2Fcomments&post=630"}],"version-history":[{"count":0,"href":"https:\/\/www.mfoto.es\/noticias\/index.php?rest_route=\/wp\/v2\/posts\/630\/revisions"}],"wp:attachment":[{"href":"https:\/\/www.mfoto.es\/noticias\/index.php?rest_route=%2Fwp%2Fv2%2Fmedia&parent=630"}],"wp:term":[{"taxonomy":"category","embeddable":true,"href":"https:\/\/www.mfoto.es\/noticias\/index.php?rest_route=%2Fwp%2Fv2%2Fcategories&post=630"},{"taxonomy":"post_tag","embeddable":true,"href":"https:\/\/www.mfoto.es\/noticias\/index.php?rest_route=%2Fwp%2Fv2%2Ftags&post=630"}],"curies":[{"name":"wp","href":"https:\/\/api.w.org\/{rel}","templated":true}]}}