{"id":615,"date":"2010-11-15T20:47:26","date_gmt":"2010-11-15T19:47:26","guid":{"rendered":"http:\/\/www.mfoto.es\/2011\/?p=615"},"modified":"2010-11-15T20:47:26","modified_gmt":"2010-11-15T19:47:26","slug":"carlos-aldecoa-fue-el-mejor-piloto-vasco-en-el-rallye-de-la-rioja","status":"publish","type":"post","link":"https:\/\/www.mfoto.es\/noticias\/?p=615","title":{"rendered":"Carlos Aldecoa fue el mejor piloto vasco en el Rallye de La Rioja"},"content":{"rendered":"<p><img loading=\"lazy\" decoding=\"async\" class=\"alignleft\" src=\"https:\/\/www.mfoto.es\/logos\/foto.gif\" alt=\"\" width=\"50\" height=\"36\" \/><\/p>\n<p><a href=\"https:\/\/www.mfoto.es\/fotos\/2010\/52_rioja\/index.html\">VER FOTOS DEL RALLYE DE TIERRA DE LA RIOJA<\/a><\/p>\n<p><img loading=\"lazy\" decoding=\"async\" class=\"alignnone size-full wp-image-616\" title=\"080_aldecoa_rioja\" src=\"https:\/\/www.mfoto.es\/noticias\/wp-content\/uploads_2012\/080_aldecoa_rioja.jpg\" alt=\"\" width=\"450\" height=\"300\" srcset=\"https:\/\/www.mfoto.es\/noticias\/wp-content\/uploads_2012\/080_aldecoa_rioja.jpg 450w, https:\/\/www.mfoto.es\/noticias\/wp-content\/uploads_2012\/080_aldecoa_rioja-300x200.jpg 300w\" sizes=\"auto, (max-width: 450px) 100vw, 450px\" \/><\/p>\n<p>El doble Rallye de Tierra de La Rioja result\u00f3 muy duro para las mec\u00e1nicas y llev\u00f3 al abandono a la mayor\u00eda de los numerosos pilotos vascos inscritos en las dos jornadas de competici\u00f3n.<\/p>\n<p>En la primera jornada s\u00f3lo terminaban Luis Vallejo y Miguel Angel Villanueva en la posici\u00f3n 16 y Xabier Jare\u00f1o y Txiki Burgos en la posici\u00f3n 19, ambos con Seat Ibiza.<\/p>\n<p>En la segunda jornada de rallye, el equipo mejor clasificado entre los vascos fue Carlos Aldecoa y Ainhoa Sarasua, sobre un Mitsubishi Evo IX, con el que se clasificaron en la cuarta posici\u00f3n scratch, mientras que Dani Estevez y Nuria Arag\u00f3n terminaban en octavo lugar con un Mitsubishi Evo VI.<\/p>\n<p>En la d\u00e9cima posici\u00f3n y segundo en la categor\u00eda de dos ruedas motrices, a s\u00f3lo 1,4 segundos del ganador de la categor\u00eda, llegaban Jorge Del Cid y David Carrero con un Citroen C2 y en la decimosexta Xabier Jare\u00f1o y Txiki Burgos con un Seat Ibiza GTI.<\/p>\n","protected":false},"excerpt":{"rendered":"<p>VER FOTOS DEL RALLYE DE TIERRA DE LA RIOJA El doble Rallye de Tierra de La Rioja result\u00f3 muy duro para las mec\u00e1nicas y llev\u00f3 al abandono a la mayor\u00eda de los numerosos pilotos vascos inscritos en las dos jornadas de competici\u00f3n. En la primera jornada s\u00f3lo terminaban Luis Vallejo y Miguel Angel Villanueva en [&hellip;]<\/p>\n","protected":false},"author":1,"featured_media":0,"comment_status":"closed","ping_status":"closed","sticky":false,"template":"","format":"standard","meta":{"footnotes":""},"categories":[159,103,31,5,4,19],"tags":[],"class_list":["post-615","post","type-post","status-publish","format-standard","hentry","category-aldecoa","category-del-cid","category-la-rioja","category-nacional","category-rallyes","category-tierra"],"_links":{"self":[{"href":"https:\/\/www.mfoto.es\/noticias\/index.php?rest_route=\/wp\/v2\/posts\/615","targetHints":{"allow":["GET"]}}],"collection":[{"href":"https:\/\/www.mfoto.es\/noticias\/index.php?rest_route=\/wp\/v2\/posts"}],"about":[{"href":"https:\/\/www.mfoto.es\/noticias\/index.php?rest_route=\/wp\/v2\/types\/post"}],"author":[{"embeddable":true,"href":"https:\/\/www.mfoto.es\/noticias\/index.php?rest_route=\/wp\/v2\/users\/1"}],"replies":[{"embeddable":true,"href":"https:\/\/www.mfoto.es\/noticias\/index.php?rest_route=%2Fwp%2Fv2%2Fcomments&post=615"}],"version-history":[{"count":0,"href":"https:\/\/www.mfoto.es\/noticias\/index.php?rest_route=\/wp\/v2\/posts\/615\/revisions"}],"wp:attachment":[{"href":"https:\/\/www.mfoto.es\/noticias\/index.php?rest_route=%2Fwp%2Fv2%2Fmedia&parent=615"}],"wp:term":[{"taxonomy":"category","embeddable":true,"href":"https:\/\/www.mfoto.es\/noticias\/index.php?rest_route=%2Fwp%2Fv2%2Fcategories&post=615"},{"taxonomy":"post_tag","embeddable":true,"href":"https:\/\/www.mfoto.es\/noticias\/index.php?rest_route=%2Fwp%2Fv2%2Ftags&post=615"}],"curies":[{"name":"wp","href":"https:\/\/api.w.org\/{rel}","templated":true}]}}