{"id":609,"date":"2010-11-15T14:52:36","date_gmt":"2010-11-15T13:52:36","guid":{"rendered":"http:\/\/www.mfoto.es\/2011\/?p=609"},"modified":"2010-11-15T14:52:36","modified_gmt":"2010-11-15T13:52:36","slug":"gorka-antxustegi-termina-sexto-en-el-rallye-de-torrelavega","status":"publish","type":"post","link":"https:\/\/www.mfoto.es\/noticias\/?p=609","title":{"rendered":"Gorka Antxustegi termina sexto en el Rallye de Torrelavega"},"content":{"rendered":"<p><img loading=\"lazy\" decoding=\"async\" class=\"alignnone size-full wp-image-610\" title=\"079_antxustegi_torrelavega\" src=\"https:\/\/www.mfoto.es\/noticias\/wp-content\/uploads_2012\/079_antxustegi_torrelavega.jpg\" alt=\"\" width=\"450\" height=\"300\" srcset=\"https:\/\/www.mfoto.es\/noticias\/wp-content\/uploads_2012\/079_antxustegi_torrelavega.jpg 450w, https:\/\/www.mfoto.es\/noticias\/wp-content\/uploads_2012\/079_antxustegi_torrelavega-300x200.jpg 300w\" sizes=\"auto, (max-width: 450px) 100vw, 450px\" \/><\/p>\n<p>Foto: BOCI Foto<\/p>\n<p>Gorka Antxustegi acompa\u00f1ado por Mikel Etxanojauregi, a los mandos de un Citroen Saxo VTS, terminaron en la sexta posici\u00f3n scratch en el Rallye de Torrelavega.<\/p>\n<p>Aritz Hern\u00e1ndez y Joanes Goitisolo, con un Renault Clio Sport, se clasificaban a continuaci\u00f3n en la s\u00e9ptima posici\u00f3n.<\/p>\n<p>Txus Jaio y Jes\u00fas Urkidi se retiraban por problemas el\u00e9ctricos en su BMW 320.<\/p>\n<p>La prueba fue ganada por Pedro Matador con un Mitsubishi Evo VIII.<\/p>\n<p>CLASIFICACI\u00d3N:<\/p>\n<p>1\u00ba Matador-Fern\u00e1ndez (Mitsubishi Evo VIII) 39:27.9<br \/>\n2\u00ba G\u00f3mez-Fuentes (Mitsubishi Evo IX) a 00:16.5<br \/>\n3\u00ba Pern\u00eda-Guti\u00e9rrez (Renault Clio Sport) a 01:28.6<br \/>\n4\u00ba B\u00e1rcena-Herrera (Citroen C2 R2 Max) a 02:39.1<br \/>\n5\u00ba Corona-C\u00e9lis (Renault Clio Sport) a 03:04.8<br \/>\n6\u00ba Antxustegi-Etxanojauregi (Citroen Saxo VTS) a 04:08.2<br \/>\n7\u00ba Hern\u00e1ndez-Goitisolo (Renault Clio Sport) a 04:24.0<br \/>\n8\u00ba Arroyo-Sota (Renault Clio Sport) a 05:05.7<br \/>\n9\u00ba Solana-Alonso (Citroen C2 R2) a 05:11.3<br \/>\n10\u00ba D\u00edaz-Alonso (Peugeot 205) a 05:12.1<\/p>\n","protected":false},"excerpt":{"rendered":"<p>Foto: BOCI Foto Gorka Antxustegi acompa\u00f1ado por Mikel Etxanojauregi, a los mandos de un Citroen Saxo VTS, terminaron en la sexta posici\u00f3n scratch en el Rallye de Torrelavega. Aritz Hern\u00e1ndez y Joanes Goitisolo, con un Renault Clio Sport, se clasificaban a continuaci\u00f3n en la s\u00e9ptima posici\u00f3n. Txus Jaio y Jes\u00fas Urkidi se retiraban por problemas [&hellip;]<\/p>\n","protected":false},"author":1,"featured_media":0,"comment_status":"closed","ping_status":"closed","sticky":false,"template":"","format":"standard","meta":{"footnotes":""},"categories":[51,10,4],"tags":[],"class_list":["post-609","post","type-post","status-publish","format-standard","hentry","category-antxustegi","category-cantabria","category-rallyes"],"_links":{"self":[{"href":"https:\/\/www.mfoto.es\/noticias\/index.php?rest_route=\/wp\/v2\/posts\/609","targetHints":{"allow":["GET"]}}],"collection":[{"href":"https:\/\/www.mfoto.es\/noticias\/index.php?rest_route=\/wp\/v2\/posts"}],"about":[{"href":"https:\/\/www.mfoto.es\/noticias\/index.php?rest_route=\/wp\/v2\/types\/post"}],"author":[{"embeddable":true,"href":"https:\/\/www.mfoto.es\/noticias\/index.php?rest_route=\/wp\/v2\/users\/1"}],"replies":[{"embeddable":true,"href":"https:\/\/www.mfoto.es\/noticias\/index.php?rest_route=%2Fwp%2Fv2%2Fcomments&post=609"}],"version-history":[{"count":0,"href":"https:\/\/www.mfoto.es\/noticias\/index.php?rest_route=\/wp\/v2\/posts\/609\/revisions"}],"wp:attachment":[{"href":"https:\/\/www.mfoto.es\/noticias\/index.php?rest_route=%2Fwp%2Fv2%2Fmedia&parent=609"}],"wp:term":[{"taxonomy":"category","embeddable":true,"href":"https:\/\/www.mfoto.es\/noticias\/index.php?rest_route=%2Fwp%2Fv2%2Fcategories&post=609"},{"taxonomy":"post_tag","embeddable":true,"href":"https:\/\/www.mfoto.es\/noticias\/index.php?rest_route=%2Fwp%2Fv2%2Ftags&post=609"}],"curies":[{"name":"wp","href":"https:\/\/api.w.org\/{rel}","templated":true}]}}