{"id":603,"date":"2010-11-15T15:20:56","date_gmt":"2010-11-15T14:20:56","guid":{"rendered":"http:\/\/www.mfoto.es\/2011\/?p=603"},"modified":"2010-11-15T15:20:56","modified_gmt":"2010-11-15T14:20:56","slug":"victorias-de-benito-guerra-y-de-jose-antonio-suarez-en-el-rallye-de-tierra-de-la-rioja","status":"publish","type":"post","link":"https:\/\/www.mfoto.es\/noticias\/?p=603","title":{"rendered":"Victorias de Benito Guerra y de Jose Antonio Su\u00e1rez en el Rallye de Tierra de La Rioja"},"content":{"rendered":"<p><img loading=\"lazy\" decoding=\"async\" class=\"alignleft\" src=\"https:\/\/www.mfoto.es\/logos\/foto.gif\" alt=\"\" width=\"50\" height=\"36\" \/><\/p>\n<p><a href=\"https:\/\/www.mfoto.es\/fotos\/2010\/52_rioja\/index.html\">VER FOTOS DEL RALLYE DE TIERRA DE LA RIOJA<\/a><\/p>\n<p><img loading=\"lazy\" decoding=\"async\" class=\"alignnone size-full wp-image-604\" title=\"078_podium_rioja\" src=\"https:\/\/www.mfoto.es\/noticias\/wp-content\/uploads_2012\/078_podium_rioja.jpg\" alt=\"\" width=\"450\" height=\"300\" srcset=\"https:\/\/www.mfoto.es\/noticias\/wp-content\/uploads_2012\/078_podium_rioja.jpg 450w, https:\/\/www.mfoto.es\/noticias\/wp-content\/uploads_2012\/078_podium_rioja-300x200.jpg 300w\" sizes=\"auto, (max-width: 450px) 100vw, 450px\" \/><\/p>\n<p>En la primera jornada de este rallye doble, con la victoria de Benito Guerra y Dani Cu\u00e9, se decidi\u00f3 el Campeonato de Espa\u00f1a de Rallyes Tierra a su favor. El segundo equipo clasificado era Jose Antonio Su\u00e1rez y C\u00e1ndido Carrera a 1:27 y el tercero Oscar Fuertes y Helio Casarubios a 1:58. Los tres sobre veh\u00edculos Mitsubishi EVO.<\/p>\n<p>En la segunda jornada el vencedor fue Jose Antonio Su\u00e1rez, seguido de Benito Guerra a 4,8 segundos y el tercero era Eduard Fores a\u00a0 1:34.<\/p>\n<p>Mario Ceballos y Adri\u00e1n Vallejo con el Subaru Impreza, se adjudicaban el Campeonato de Espa\u00f1a de Rallyes de Tierra en Grupo N.<\/p>\n<p>CLASIFICACI\u00d3N RALLYE 1:<\/p>\n<p>1\u00ba Guerra-Cu\u00e9 (Mitsubishi Evo X) 1:07:31.1<br \/>\n2\u00ba Su\u00e1rez-Carrera (Mitsubishi Evo X) a 1:27.6<br \/>\n3\u00ba Fuertes-Casarubios (Mitsubishi Evo IX) a 1:58.3<br \/>\n4\u00ba Ta\u00f1a-Del Corral (Mitsubishi Evo IX) a 2:48.2<br \/>\n5\u00ba Ceballos-Vallejo (Subaru Impreza) a 4:12.7<\/p>\n<p>CLASIFICACI\u00d3N RALLYE 2:<\/p>\n<p>1\u00ba Su\u00e1rez-Carrera (Mitsubishi Evo X) 57:10.1<br \/>\n2\u00ba Guerra-Cu\u00e9 (Mitsubishi Evo X) a 4.8<br \/>\n3\u00ba Fores-Aluju (Mitsubishi Evo IX) a 1:34.2<br \/>\n4\u00ba Aldecoa-Sarasua (Mitsubishi Evo VIII) a 1:42.5<br \/>\n5\u00ba Aguado-Ferrero (Mitsubishi Evo IX) a 2:40.4<\/p>\n","protected":false},"excerpt":{"rendered":"<p>VER FOTOS DEL RALLYE DE TIERRA DE LA RIOJA En la primera jornada de este rallye doble, con la victoria de Benito Guerra y Dani Cu\u00e9, se decidi\u00f3 el Campeonato de Espa\u00f1a de Rallyes Tierra a su favor. El segundo equipo clasificado era Jose Antonio Su\u00e1rez y C\u00e1ndido Carrera a 1:27 y el tercero Oscar [&hellip;]<\/p>\n","protected":false},"author":1,"featured_media":0,"comment_status":"closed","ping_status":"closed","sticky":false,"template":"","format":"standard","meta":{"footnotes":""},"categories":[31,5,4,19],"tags":[],"class_list":["post-603","post","type-post","status-publish","format-standard","hentry","category-la-rioja","category-nacional","category-rallyes","category-tierra"],"_links":{"self":[{"href":"https:\/\/www.mfoto.es\/noticias\/index.php?rest_route=\/wp\/v2\/posts\/603","targetHints":{"allow":["GET"]}}],"collection":[{"href":"https:\/\/www.mfoto.es\/noticias\/index.php?rest_route=\/wp\/v2\/posts"}],"about":[{"href":"https:\/\/www.mfoto.es\/noticias\/index.php?rest_route=\/wp\/v2\/types\/post"}],"author":[{"embeddable":true,"href":"https:\/\/www.mfoto.es\/noticias\/index.php?rest_route=\/wp\/v2\/users\/1"}],"replies":[{"embeddable":true,"href":"https:\/\/www.mfoto.es\/noticias\/index.php?rest_route=%2Fwp%2Fv2%2Fcomments&post=603"}],"version-history":[{"count":0,"href":"https:\/\/www.mfoto.es\/noticias\/index.php?rest_route=\/wp\/v2\/posts\/603\/revisions"}],"wp:attachment":[{"href":"https:\/\/www.mfoto.es\/noticias\/index.php?rest_route=%2Fwp%2Fv2%2Fmedia&parent=603"}],"wp:term":[{"taxonomy":"category","embeddable":true,"href":"https:\/\/www.mfoto.es\/noticias\/index.php?rest_route=%2Fwp%2Fv2%2Fcategories&post=603"},{"taxonomy":"post_tag","embeddable":true,"href":"https:\/\/www.mfoto.es\/noticias\/index.php?rest_route=%2Fwp%2Fv2%2Ftags&post=603"}],"curies":[{"name":"wp","href":"https:\/\/api.w.org\/{rel}","templated":true}]}}