{"id":4941,"date":"2026-04-30T14:34:19","date_gmt":"2026-04-30T13:34:19","guid":{"rendered":"https:\/\/www.mfoto.es\/noticias\/?p=4941"},"modified":"2026-04-30T14:36:06","modified_gmt":"2026-04-30T13:36:06","slug":"dominio-de-ogier-y-toyota-en-el-rally-islas-canarias","status":"publish","type":"post","link":"https:\/\/www.mfoto.es\/noticias\/?p=4941","title":{"rendered":"Dominio de Ogier y Toyota en el Rally Islas Canarias"},"content":{"rendered":"\n<p><img loading=\"lazy\" decoding=\"async\" class=\"alignleft\" src=\"http:\/\/www.mfoto.es\/logos\/foto.gif\" alt=\"\" width=\"50\" height=\"36\"><\/p>\n<p><strong><a href=\"https:\/\/www.mfoto.es\/fotos\/2026\/05_canarias\/\">FOTOS RALLY ISLAS CANARIAS<\/a><\/strong><\/p>\n\n<div id=\"attachment_4942\" style=\"width: 460px\" class=\"wp-caption aligncenter\"><img loading=\"lazy\" decoding=\"async\" aria-describedby=\"caption-attachment-4942\" class=\"wp-image-4942 size-full\" src=\"https:\/\/www.mfoto.es\/noticias\/wp-content\/uploads_2012\/396_ogier_canarias.jpg\" alt=\"\" width=\"450\" height=\"300\" srcset=\"https:\/\/www.mfoto.es\/noticias\/wp-content\/uploads_2012\/396_ogier_canarias.jpg 450w, https:\/\/www.mfoto.es\/noticias\/wp-content\/uploads_2012\/396_ogier_canarias-300x200.jpg 300w\" sizes=\"auto, (max-width: 450px) 100vw, 450px\" \/><p id=\"caption-attachment-4942\" class=\"wp-caption-text\">Victoria para Ogier y Landais en Canarias<\/p><\/div>\n\n\n\n<p>S\u00e9bastien Ogier y Vincent Landais, con un Toyota GR Yaris Rally1, se llevaban una victoria disputada hasta el pen\u00faltimo tramo, donde Solberg estando a s\u00f3lo 2.2 segundos de Ogier, golpeaba un guardara\u00edl, arrancaba una rueda y abandonaba.<\/p>\n\n\n\n<p>El equipo Toyota consegu\u00eda colocar cuatro de sus coches encabezando la clasificaci\u00f3n con Ogier, Evans, Pajari y Katsuta, seguidos por los tres coches del equipo Hyundai con Fourmaux, Neuville y Sordo, que en ning\u00fan momento se acercaron a los puestos de cabeza.<\/p>\n\n\n\n<div style=\"height:20px\" aria-hidden=\"true\" class=\"wp-block-spacer\"><\/div>\n\n\n\n<div id=\"attachment_4943\" style=\"width: 460px\" class=\"wp-caption aligncenter\"><img loading=\"lazy\" decoding=\"async\" aria-describedby=\"caption-attachment-4943\" class=\"wp-image-4943 size-full\" src=\"https:\/\/www.mfoto.es\/noticias\/wp-content\/uploads_2012\/397_rossel_canarias.jpg\" alt=\"\" width=\"450\" height=\"300\" srcset=\"https:\/\/www.mfoto.es\/noticias\/wp-content\/uploads_2012\/397_rossel_canarias.jpg 450w, https:\/\/www.mfoto.es\/noticias\/wp-content\/uploads_2012\/397_rossel_canarias-300x200.jpg 300w\" sizes=\"auto, (max-width: 450px) 100vw, 450px\" \/><p id=\"caption-attachment-4943\" class=\"wp-caption-text\">Yohan Rossel ganaba la categor\u00eda WRC2<\/p><\/div>\n\n\n\n<p>En la categor\u00eda WRC2, victoria para Yohan Rossel y Arnaud Dunand con el Lancia Ypsilon Rally2 HF Integrale, seguido a 25.1 segundos por Alejandro Cach\u00f3n y Borja Rozada con un Toyota Yaris Rally2 y por Eric Camilli y Thibault de la Haye con un \u0160koda Fabia RS Rally2, a 51.2 segundos.<\/p>\n\n\n\n<p>En WRC3 la victoria era para Gil Membrado y Adri\u00e1n P\u00e9rez, en segunda posici\u00f3n, a 13.7, llegaban Tymoteusz Abramowski y Jakub Wr\u00f3bel y la tercera plaza era para Ghjuvanni Rossi y Kylian Sarmezan, todos con Ford Fiesta Rally3.<\/p>\n\n\n\n<p>La pr\u00f3xima prueba del World Rally Championship ser\u00e1 el Rallye de Portugal, del 7 al 10 de Mayo.<\/p>\n\n\n\n<div style=\"height:20px\" aria-hidden=\"true\" class=\"wp-block-spacer\"><\/div>\n\n\n\n<hr class=\"wp-block-separator has-alpha-channel-opacity\"\/>\n\n\n\n<p><strong>Clasificaci\u00f3n 50 Rally Islas Canarias 2026:<\/strong><br>1\u00ba Ogier-Landais (Toyota GR Yaris Rally1) 2:43:18.9<br>2\u00ba Evans-Martin (Toyota GR Yaris Rally1) +19.9<br>3\u00ba Pajari-Salminen (Toyota GR Yaris Rally1) +1:40.8<br>4\u00ba Katsuta-Johnston (Toyota GR Yaris Rally1) +1:51.2<br>5\u00ba Fourmaux-Coria (Hyundai i20 N Rally1) +3:29.5<\/p>\n\n\n\n<hr class=\"wp-block-separator has-alpha-channel-opacity\"\/>\n","protected":false},"excerpt":{"rendered":"<p>FOTOS RALLY ISLAS CANARIAS S\u00e9bastien Ogier y Vincent Landais, con un Toyota GR Yaris Rally1, se llevaban una victoria disputada hasta el pen\u00faltimo tramo, donde Solberg estando a s\u00f3lo 2.2 segundos de Ogier, golpeaba un guardara\u00edl, arrancaba una rueda y abandonaba. El equipo Toyota consegu\u00eda colocar cuatro de sus coches encabezando la clasificaci\u00f3n con Ogier, [&hellip;]<\/p>\n","protected":false},"author":1,"featured_media":0,"comment_status":"closed","ping_status":"closed","sticky":false,"template":"","format":"standard","meta":{"footnotes":""},"categories":[317,238,251,18,182,240,294,289,114,87,4,244,202,105,25],"tags":[319],"class_list":["post-4941","post","type-post","status-publish","format-standard","hentry","category-317","category-cachon","category-camilli","category-canarias","category-evans","category-fourmaux","category-katsuta","category-membrado","category-neuville","category-ogier","category-rallyes","category-rossel","category-solberg","category-sordo","category-wrc","tag-pajari"],"_links":{"self":[{"href":"https:\/\/www.mfoto.es\/noticias\/index.php?rest_route=\/wp\/v2\/posts\/4941","targetHints":{"allow":["GET"]}}],"collection":[{"href":"https:\/\/www.mfoto.es\/noticias\/index.php?rest_route=\/wp\/v2\/posts"}],"about":[{"href":"https:\/\/www.mfoto.es\/noticias\/index.php?rest_route=\/wp\/v2\/types\/post"}],"author":[{"embeddable":true,"href":"https:\/\/www.mfoto.es\/noticias\/index.php?rest_route=\/wp\/v2\/users\/1"}],"replies":[{"embeddable":true,"href":"https:\/\/www.mfoto.es\/noticias\/index.php?rest_route=%2Fwp%2Fv2%2Fcomments&post=4941"}],"version-history":[{"count":4,"href":"https:\/\/www.mfoto.es\/noticias\/index.php?rest_route=\/wp\/v2\/posts\/4941\/revisions"}],"predecessor-version":[{"id":4947,"href":"https:\/\/www.mfoto.es\/noticias\/index.php?rest_route=\/wp\/v2\/posts\/4941\/revisions\/4947"}],"wp:attachment":[{"href":"https:\/\/www.mfoto.es\/noticias\/index.php?rest_route=%2Fwp%2Fv2%2Fmedia&parent=4941"}],"wp:term":[{"taxonomy":"category","embeddable":true,"href":"https:\/\/www.mfoto.es\/noticias\/index.php?rest_route=%2Fwp%2Fv2%2Fcategories&post=4941"},{"taxonomy":"post_tag","embeddable":true,"href":"https:\/\/www.mfoto.es\/noticias\/index.php?rest_route=%2Fwp%2Fv2%2Ftags&post=4941"}],"curies":[{"name":"wp","href":"https:\/\/api.w.org\/{rel}","templated":true}]}}