{"id":4879,"date":"2026-01-15T19:53:01","date_gmt":"2026-01-15T18:53:01","guid":{"rendered":"https:\/\/www.mfoto.es\/noticias\/?p=4879"},"modified":"2026-03-23T17:03:06","modified_gmt":"2026-03-23T16:03:06","slug":"calendario-de-pruebas-2026","status":"publish","type":"post","link":"https:\/\/www.mfoto.es\/noticias\/?p=4879","title":{"rendered":"Calendario de pruebas 2026"},"content":{"rendered":"\n<div id=\"attachment_4880\" style=\"width: 460px\" class=\"wp-caption aligncenter\"><img loading=\"lazy\" decoding=\"async\" aria-describedby=\"caption-attachment-4880\" class=\"wp-image-4880 size-full\" src=\"https:\/\/www.mfoto.es\/noticias\/wp-content\/uploads_2012\/391_2026_cal.png\" alt=\"\" width=\"450\" height=\"300\" srcset=\"https:\/\/www.mfoto.es\/noticias\/wp-content\/uploads_2012\/391_2026_cal.png 450w, https:\/\/www.mfoto.es\/noticias\/wp-content\/uploads_2012\/391_2026_cal-300x200.png 300w\" sizes=\"auto, (max-width: 450px) 100vw, 450px\" \/><p id=\"caption-attachment-4880\" class=\"wp-caption-text\">Calendario de pruebas 2026<\/p><\/div>\n\n\n\n<p><strong><a href=\"https:\/\/www.rfeda.es\/docs\/pdf\/rfeda-calendario-carretera.pdf\" target=\"_blank\" rel=\"noreferrer noopener\">DESCARGAR CALENDARIO RFEDA 2026 PDF<\/a><\/strong><\/p>\n\n\n\n<p>La Real Federaci\u00f3n Espa\u00f1ola de Automovilismo y la FIA han publicado los calendarios de los campeonatos para la temporada 2026.<\/p>\n\n\n\n<p>En esta temporada, el S\u00fapercampeonato (S-CER) constar\u00e1 de 9 pruebas, 6 de asfalto y 3 de tierra.<\/p>\n\n\n\n<p><strong>S-CER \u2013 S\u00fapercampeonato de Espa\u00f1a de Rallyes:<\/strong><\/p>\n\n\n\n<p>20-21 MAR \u2013 Rallye La Nuc\u00eda<br>17-18 ABR \u2013 Rallye Sierra Morena<br>15-16 MAY \u2013 Rallye Ciudad de Utiel (tierra)<br>12-13 JUN \u2013 Rallye de Ourense<br>03-04 JUL \u2013 Rallye R\u00edas Baixas<br>07-08 AGO \u2013 Rallye Isla de los Volcanes (tierra)<br>11-12 SEP \u2013 Rallye Princesa de Asturias (tierra)<br>25-26 SEP \u2013 Rallye Villa de Llanes<br>16-17 OCT \u2013 RallyRACC Catalunya<\/p>\n\n\n\n<hr class=\"wp-block-separator has-alpha-channel-opacity\"\/>\n\n\n\n<p><strong>CERA \u2013 Campeonato de Espa\u00f1a de Rallyes de Asfalto Recalvi:<\/strong><br>5 pruebas calendadas de asfalto.<\/p>\n\n\n\n<p>11-12 ABR \u2013 Rallye La Llana<br>09-10 MAY \u2013 Rallye Villa de Adeje<br>27-28 JUN \u2013 Rallye de la Vendimia<br>19-20 SEP \u2013 Rallye Costa de Almer\u00eda<br>28-29 NOV \u2013 Rallye Ciudad de Valencia<\/p>\n\n\n\n<hr class=\"wp-block-separator has-alpha-channel-opacity\"\/>\n\n\n\n<p><strong>CERT \u2013 Campeonato de Espa\u00f1a de Rallyes de Tierra Rallycar:<\/strong><br>6 pruebas calendadas de tierra.<\/p>\n\n\n\n<p>13-14 MAR \u2013 Rallye Tierras Altas de Lorca<br>01-02 MAY \u2013 Rallye Ciudad de Pozoblanco<br>05-06 JUN \u2013 Rallye Reino de Le\u00f3n<br>04-05 SEP \u2013 Rallye Terra de Galicia<br>02-03 OCT \u2013 Rallye Tierra de C\u00e1ceres<br>30-31 OCT \u2013 Rallye Ciudad de Granada<\/p>\n\n\n\n<hr class=\"wp-block-separator has-alpha-channel-opacity\"\/>\n\n\n\n<p><strong>ERC FIA European Rally Championship:<\/strong><br>El European Rally Championship 2026 estar\u00e1 compuesto por 7 rallyes, 6 de asfalto y uno de tierra.<br>Tras la suspensi\u00f3n del Rallye de Hungr\u00eda, puede que entre otra prueba para sustituirla.<\/p>\n\n\n\n<p>17-19 ABR \u2013 Rally Sierra Morena (Espa\u00f1a) Asfalto<br>22-24 MAY \u2013 Royal Rally of Scandinavia (Suecia) Tierra<br>03-05 JUL \u2013 Rally di Roma Capitale (Italia) Asfalto<br>24-26 JUL \u2013 Rally Poland (Polonia) Asfalto<br>14-16 AGO \u2013 Barum Czech Rally Zl\u00edn (Rep. Checa) Asfalto<br>04-06 SEP \u2013 Rali Ceredigion (Inglaterra) Asfalto<br>23-25 OCT \u2013 Rally Five Cities North (Portugal) Tierra<\/p>\n\n\n\n<div id=\"attachment_4881\" style=\"width: 460px\" class=\"wp-caption aligncenter\"><img loading=\"lazy\" decoding=\"async\" aria-describedby=\"caption-attachment-4881\" class=\"wp-image-4881 size-full\" src=\"https:\/\/www.mfoto.es\/noticias\/wp-content\/uploads_2012\/392_2026_cal_erc.png\" alt=\"\" width=\"450\" height=\"450\" srcset=\"https:\/\/www.mfoto.es\/noticias\/wp-content\/uploads_2012\/392_2026_cal_erc.png 450w, https:\/\/www.mfoto.es\/noticias\/wp-content\/uploads_2012\/392_2026_cal_erc-300x300.png 300w, https:\/\/www.mfoto.es\/noticias\/wp-content\/uploads_2012\/392_2026_cal_erc-150x150.png 150w, https:\/\/www.mfoto.es\/noticias\/wp-content\/uploads_2012\/392_2026_cal_erc-144x144.png 144w\" sizes=\"auto, (max-width: 450px) 100vw, 450px\" \/><p id=\"caption-attachment-4881\" class=\"wp-caption-text\">Calendario European Rally Championship 2026<\/p><\/div>\n","protected":false},"excerpt":{"rendered":"<p>DESCARGAR CALENDARIO RFEDA 2026 PDF La Real Federaci\u00f3n Espa\u00f1ola de Automovilismo y la FIA han publicado los calendarios de los campeonatos para la temporada 2026. En esta temporada, el S\u00fapercampeonato (S-CER) constar\u00e1 de 9 pruebas, 6 de asfalto y 3 de tierra. S-CER \u2013 S\u00fapercampeonato de Espa\u00f1a de Rallyes: 20-21 MAR \u2013 Rallye La Nuc\u00eda17-18 [&hellip;]<\/p>\n","protected":false},"author":1,"featured_media":0,"comment_status":"closed","ping_status":"closed","sticky":false,"template":"","format":"standard","meta":{"footnotes":""},"categories":[317,144,145,92,5,4,210,19],"tags":[],"class_list":["post-4879","post","type-post","status-publish","format-standard","hentry","category-317","category-cera","category-cert","category-erc","category-nacional","category-rallyes","category-supercer","category-tierra"],"_links":{"self":[{"href":"https:\/\/www.mfoto.es\/noticias\/index.php?rest_route=\/wp\/v2\/posts\/4879","targetHints":{"allow":["GET"]}}],"collection":[{"href":"https:\/\/www.mfoto.es\/noticias\/index.php?rest_route=\/wp\/v2\/posts"}],"about":[{"href":"https:\/\/www.mfoto.es\/noticias\/index.php?rest_route=\/wp\/v2\/types\/post"}],"author":[{"embeddable":true,"href":"https:\/\/www.mfoto.es\/noticias\/index.php?rest_route=\/wp\/v2\/users\/1"}],"replies":[{"embeddable":true,"href":"https:\/\/www.mfoto.es\/noticias\/index.php?rest_route=%2Fwp%2Fv2%2Fcomments&post=4879"}],"version-history":[{"count":10,"href":"https:\/\/www.mfoto.es\/noticias\/index.php?rest_route=\/wp\/v2\/posts\/4879\/revisions"}],"predecessor-version":[{"id":4907,"href":"https:\/\/www.mfoto.es\/noticias\/index.php?rest_route=\/wp\/v2\/posts\/4879\/revisions\/4907"}],"wp:attachment":[{"href":"https:\/\/www.mfoto.es\/noticias\/index.php?rest_route=%2Fwp%2Fv2%2Fmedia&parent=4879"}],"wp:term":[{"taxonomy":"category","embeddable":true,"href":"https:\/\/www.mfoto.es\/noticias\/index.php?rest_route=%2Fwp%2Fv2%2Fcategories&post=4879"},{"taxonomy":"post_tag","embeddable":true,"href":"https:\/\/www.mfoto.es\/noticias\/index.php?rest_route=%2Fwp%2Fv2%2Ftags&post=4879"}],"curies":[{"name":"wp","href":"https:\/\/api.w.org\/{rel}","templated":true}]}}