{"id":4860,"date":"2025-10-29T18:02:20","date_gmt":"2025-10-29T17:02:20","guid":{"rendered":"https:\/\/www.mfoto.es\/noticias\/?p=4860"},"modified":"2025-11-01T04:31:51","modified_gmt":"2025-11-01T03:31:51","slug":"victoria-y-campeonato-para-cohete-suarez-en-el-rallyracc","status":"publish","type":"post","link":"https:\/\/www.mfoto.es\/noticias\/?p=4860","title":{"rendered":"Victoria y campeonato para \u00abCohete\u00bb Su\u00e1rez en el RallyRACC"},"content":{"rendered":"\n<p><img loading=\"lazy\" decoding=\"async\" class=\"alignleft\" src=\"http:\/\/www.mfoto.es\/logos\/foto.gif\" alt=\"\" width=\"50\" height=\"36\"><\/p>\n<p><strong><a href=\"https:\/\/www.mfoto.es\/fotos\/2025\/12_rallyracc\/\">FOTOS RALLYRACC CATALUNYA<\/a><\/strong><\/p>\n\n<div id=\"attachment_4861\" style=\"width: 460px\" class=\"wp-caption aligncenter\"><img loading=\"lazy\" decoding=\"async\" aria-describedby=\"caption-attachment-4861\" class=\"wp-image-4861 size-full\" src=\"https:\/\/www.mfoto.es\/noticias\/wp-content\/uploads_2012\/389_cohete_rallyracc.jpg\" alt=\"\" width=\"450\" height=\"300\" srcset=\"https:\/\/www.mfoto.es\/noticias\/wp-content\/uploads_2012\/389_cohete_rallyracc.jpg 450w, https:\/\/www.mfoto.es\/noticias\/wp-content\/uploads_2012\/389_cohete_rallyracc-300x200.jpg 300w\" sizes=\"auto, (max-width: 450px) 100vw, 450px\" \/><p id=\"caption-attachment-4861\" class=\"wp-caption-text\">Victoria y campeonato para \u00abCohete\u00bb y Alberto Iglesias en el RallyRACC<\/p><\/div>\n\n\n\n<p>La 60\u00aa edici\u00f3n del RallyRACC Catalunya, con base en la localidad tarraconense de Salou, se ha disputado sobre un trazado mixto, con una etapa sobre tierra y otra sobre asfalto.<\/p>\n\n\n\n<p>Jos\u00e9 Antonio Su\u00e1rez \u00abCohete\u00bb y Alberto Iglesias, con un Skoda Fabia Rally2, se llevaban la victoria y consegu\u00edan el t\u00edtulo del S\u00faper Campeonato de Espa\u00f1a de Rallyes 2025. Es la tercera vez que Cohete consigue el t\u00edtulo del S-CER.<\/p>\n\n\n\n<p>Iv\u00e1n Ares y Borja Rozada con un Toyota GR Yaris Rally2 terminaban en segunda posici\u00f3n y terceros en el podio han sido Pepe L\u00f3pez y David V\u00e1zquez con un Hyundai i20N Rally2, tras sufrir dos pinchazos y conseguir remontar.<\/p>\n\n\n\n<p>En las numerosas copas de promoci\u00f3n, victorias para Adri\u00e1n D\u00edaz y Sara Fern\u00e1ndez en la Toyota GR Yaris Cup Spain, para Nicolas Otto y Martina Musiari en la Past Rally3 Trophy Iberia, para Giovanni Fari\u00f1a y Alejandro Rodr\u00edguez en el Desaf\u00edo Peugeot, para Francisco Puertas y Sergio Fern\u00e1ndez en la Clio Trophy Spain Tierra, para Francisco Montes y David Collado en la Sandero Eco Cup Spain Tierra, para Pablo y Eloy Lorenzo en la Copa Kobe Motor y para Arnau Bart\u00e9s y Melisa Lorenzo en la Copa Hyundai i20N Rally.<\/p>\n\n\n\n<p>La pr\u00f3xima cita ser\u00e1 el Rallye La Nuc\u00eda-Mediterr\u00e1neo en la provincia de Alicante, los d\u00edas 7 y 8 de Noviembre, que cerrar\u00e1 la temporada del S-CER 2025.<\/p>\n\n\n\n<div style=\"height:20px\" aria-hidden=\"true\" class=\"wp-block-spacer\"><\/div>\n\n\n\n<hr class=\"wp-block-separator has-alpha-channel-opacity\"\/>\n\n\n\n<p><strong>Clasificaci\u00f3n RallyRACC Catalunya 2025:<\/strong><br>1\u00ba Su\u00e1rez-Iglesias (Skoda Fabia RS Rally2) 1:57:02.2<br>2\u00ba Ares-Rozada (Toyota GR Yaris Rally2) +1:50.2<br>3\u00ba L\u00f3pez-V\u00e1zquez (Hyundai i20N Rally2) +2:46.6<br>4\u00ba Pel\u00e1ez-Murado (Skoda Fabia RS Rally2) +3:19.6<br>5\u00ba Bruun-Olmos (Ford Fiesta Rally3) +8:41.6<\/p>\n\n\n\n<hr class=\"wp-block-separator has-alpha-channel-opacity\"\/>\n","protected":false},"excerpt":{"rendered":"<p>FOTOS RALLYRACC CATALUNYA La 60\u00aa edici\u00f3n del RallyRACC Catalunya, con base en la localidad tarraconense de Salou, se ha disputado sobre un trazado mixto, con una etapa sobre tierra y otra sobre asfalto. Jos\u00e9 Antonio Su\u00e1rez \u00abCohete\u00bb y Alberto Iglesias, con un Skoda Fabia Rally2, se llevaban la victoria y consegu\u00edan el t\u00edtulo del S\u00faper [&hellip;]<\/p>\n","protected":false},"author":1,"featured_media":0,"comment_status":"closed","ping_status":"closed","sticky":false,"template":"","format":"standard","meta":{"footnotes":""},"categories":[290,141,303,85,301,291,300,283,302,292,293,162,5,299,188,4,115,210],"tags":[],"class_list":["post-4860","post","type-post","status-publish","format-standard","hentry","category-290","category-ares","category-bartes","category-catalunya","category-clio-trophy-spain","category-copa-kobe","category-dacia-sandero-cup","category-desafio-peugeot","category-farina","category-gr-yaris-cup","category-hyundai-i20n-cup","category-lopez","category-nacional","category-past-rally3-trophy-iberica","category-pelaez","category-rallyes","category-suarez","category-supercer"],"_links":{"self":[{"href":"https:\/\/www.mfoto.es\/noticias\/index.php?rest_route=\/wp\/v2\/posts\/4860","targetHints":{"allow":["GET"]}}],"collection":[{"href":"https:\/\/www.mfoto.es\/noticias\/index.php?rest_route=\/wp\/v2\/posts"}],"about":[{"href":"https:\/\/www.mfoto.es\/noticias\/index.php?rest_route=\/wp\/v2\/types\/post"}],"author":[{"embeddable":true,"href":"https:\/\/www.mfoto.es\/noticias\/index.php?rest_route=\/wp\/v2\/users\/1"}],"replies":[{"embeddable":true,"href":"https:\/\/www.mfoto.es\/noticias\/index.php?rest_route=%2Fwp%2Fv2%2Fcomments&post=4860"}],"version-history":[{"count":4,"href":"https:\/\/www.mfoto.es\/noticias\/index.php?rest_route=\/wp\/v2\/posts\/4860\/revisions"}],"predecessor-version":[{"id":4865,"href":"https:\/\/www.mfoto.es\/noticias\/index.php?rest_route=\/wp\/v2\/posts\/4860\/revisions\/4865"}],"wp:attachment":[{"href":"https:\/\/www.mfoto.es\/noticias\/index.php?rest_route=%2Fwp%2Fv2%2Fmedia&parent=4860"}],"wp:term":[{"taxonomy":"category","embeddable":true,"href":"https:\/\/www.mfoto.es\/noticias\/index.php?rest_route=%2Fwp%2Fv2%2Fcategories&post=4860"},{"taxonomy":"post_tag","embeddable":true,"href":"https:\/\/www.mfoto.es\/noticias\/index.php?rest_route=%2Fwp%2Fv2%2Ftags&post=4860"}],"curies":[{"name":"wp","href":"https:\/\/api.w.org\/{rel}","templated":true}]}}