{"id":4851,"date":"2025-10-20T14:49:46","date_gmt":"2025-10-20T13:49:46","guid":{"rendered":"https:\/\/www.mfoto.es\/noticias\/?p=4851"},"modified":"2025-10-20T14:55:49","modified_gmt":"2025-10-20T13:55:49","slug":"latvala-gana-el-rally-asturias-historico","status":"publish","type":"post","link":"https:\/\/www.mfoto.es\/noticias\/?p=4851","title":{"rendered":"Latvala gana el Rally Asturias Hist\u00f3rico"},"content":{"rendered":"\n<p><img loading=\"lazy\" decoding=\"async\" class=\"alignleft\" src=\"http:\/\/www.mfoto.es\/logos\/foto.gif\" alt=\"\" width=\"50\" height=\"36\"><\/p>\n<p><strong><a href=\"https:\/\/www.mfoto.es\/fotos\/2025\/11_asturias_historico\/\">FOTOS RALLY ASTURIAS HISTORICO<\/a><\/strong><\/p>\n\n<div id=\"attachment_4852\" style=\"width: 460px\" class=\"wp-caption aligncenter\"><img loading=\"lazy\" decoding=\"async\" aria-describedby=\"caption-attachment-4852\" class=\"wp-image-4852 size-full\" src=\"https:\/\/www.mfoto.es\/noticias\/wp-content\/uploads_2012\/388_latvala_pravia.jpg\" alt=\"\" width=\"450\" height=\"300\" srcset=\"https:\/\/www.mfoto.es\/noticias\/wp-content\/uploads_2012\/388_latvala_pravia.jpg 450w, https:\/\/www.mfoto.es\/noticias\/wp-content\/uploads_2012\/388_latvala_pravia-300x200.jpg 300w\" sizes=\"auto, (max-width: 450px) 100vw, 450px\" \/><p id=\"caption-attachment-4852\" class=\"wp-caption-text\">Jari-Matti Latvala y Janni Hussi se imponen en Pravia &#8211; Foto: Pedro Landeta<\/p><\/div>\n\n\n\n<p>Los finlandeses Jari-Matti Latvala y Janni Hussi, con un Toyota Celica 4WD Turbo ST 185, dominaron completamente el Rallye de Asturias Hist\u00f3rico, ganando todos los tramos.<\/p>\n\n\n\n<p>Por detr\u00e1s los italianos Zippo y Denis Piceno con un Peugeot 306 Maxi terminaban en la segunda plaza y los polacos Maciej Lubiak y Grzegorz Dachowski con un Porsche 911 RS Carrera 3.0 en la tercera.<\/p>\n\n\n\n<p>Zippo y Denis Piceno s\u00f3lo puntuaban para la clase P2 y con este resultado se han adjudicado el t\u00edtulo.<\/p>\n\n\n\n<p>Esta edici\u00f3n s\u00f3lo era puntuable para el campeonato europeo, al no haber sido inclu\u00edda en el Campeonato de Espa\u00f1a de Rallyes para Veh\u00edculos Hist\u00f3ricos y cont\u00f3 con s\u00f3lo 17 participantes.<\/p>\n\n\n\n<p>La pr\u00f3xima cita del FIA European Historic Rally Championship ser\u00e1 el Historic Rally Fafe en Portugal y all\u00ed se decidir\u00e1 el t\u00edtulo.<\/p>\n\n\n\n<div style=\"height:20px\" aria-hidden=\"true\" class=\"wp-block-spacer\"><\/div>\n\n\n\n<hr class=\"wp-block-separator has-alpha-channel-opacity\"\/>\n\n\n\n<p><strong>Clasificaci\u00f3n final 16 Rally Asturias Hist\u00f3rico 2025:<\/strong><br>1\u00ba Latvala-Hussi (Toyota Celica 4WD Turbo) 1:21:37.9<br>2\u00ba Zippo-Piceno (Peugeot 306 Maxi) +2:02.1<br>3\u00ba Lubiak-Dachowski (Porsche 911 Carrera RS 3.0) +4:37.3<br>4\u00ba Ferreiro-Anido (Ford Escort RS1800 Mk2) +4:47.4<br>5\u00ba P\u00e9rez-Bowen (Porsche 911 Carrera RS 3.0) +6:01.8<\/p>\n\n\n\n<hr class=\"wp-block-separator has-alpha-channel-opacity\"\/>\n","protected":false},"excerpt":{"rendered":"<p>FOTOS RALLY ASTURIAS HISTORICO Los finlandeses Jari-Matti Latvala y Janni Hussi, con un Toyota Celica 4WD Turbo ST 185, dominaron completamente el Rallye de Asturias Hist\u00f3rico, ganando todos los tramos. Por detr\u00e1s los italianos Zippo y Denis Piceno con un Peugeot 306 Maxi terminaban en la segunda plaza y los polacos Maciej Lubiak y Grzegorz [&hellip;]<\/p>\n","protected":false},"author":1,"featured_media":0,"comment_status":"closed","ping_status":"closed","sticky":false,"template":"","format":"standard","meta":{"footnotes":""},"categories":[290,15,16,136,316,109,315,4,314],"tags":[],"class_list":["post-4851","post","type-post","status-publish","format-standard","hentry","category-290","category-asturias","category-clasicos","category-ferreiro","category-fia-european-historic-rally-championship","category-latvala","category-lubiak","category-rallyes","category-zippo"],"_links":{"self":[{"href":"https:\/\/www.mfoto.es\/noticias\/index.php?rest_route=\/wp\/v2\/posts\/4851","targetHints":{"allow":["GET"]}}],"collection":[{"href":"https:\/\/www.mfoto.es\/noticias\/index.php?rest_route=\/wp\/v2\/posts"}],"about":[{"href":"https:\/\/www.mfoto.es\/noticias\/index.php?rest_route=\/wp\/v2\/types\/post"}],"author":[{"embeddable":true,"href":"https:\/\/www.mfoto.es\/noticias\/index.php?rest_route=\/wp\/v2\/users\/1"}],"replies":[{"embeddable":true,"href":"https:\/\/www.mfoto.es\/noticias\/index.php?rest_route=%2Fwp%2Fv2%2Fcomments&post=4851"}],"version-history":[{"count":5,"href":"https:\/\/www.mfoto.es\/noticias\/index.php?rest_route=\/wp\/v2\/posts\/4851\/revisions"}],"predecessor-version":[{"id":4857,"href":"https:\/\/www.mfoto.es\/noticias\/index.php?rest_route=\/wp\/v2\/posts\/4851\/revisions\/4857"}],"wp:attachment":[{"href":"https:\/\/www.mfoto.es\/noticias\/index.php?rest_route=%2Fwp%2Fv2%2Fmedia&parent=4851"}],"wp:term":[{"taxonomy":"category","embeddable":true,"href":"https:\/\/www.mfoto.es\/noticias\/index.php?rest_route=%2Fwp%2Fv2%2Fcategories&post=4851"},{"taxonomy":"post_tag","embeddable":true,"href":"https:\/\/www.mfoto.es\/noticias\/index.php?rest_route=%2Fwp%2Fv2%2Ftags&post=4851"}],"curies":[{"name":"wp","href":"https:\/\/api.w.org\/{rel}","templated":true}]}}