{"id":474,"date":"2010-09-10T00:23:23","date_gmt":"2010-09-09T23:23:23","guid":{"rendered":"http:\/\/www.mfoto.es\/2011\/?p=474"},"modified":"2010-09-10T00:23:23","modified_gmt":"2010-09-09T23:23:23","slug":"dos-equipos-vascos-en-el-rallye-principe-de-asturias","status":"publish","type":"post","link":"https:\/\/www.mfoto.es\/noticias\/?p=474","title":{"rendered":"Dos equipos vascos en el Rallye Pr\u00edncipe de Asturias"},"content":{"rendered":"<p><img loading=\"lazy\" decoding=\"async\" class=\"alignnone size-full wp-image-475\" title=\"059_antxustegi_lujua_principe\" src=\"https:\/\/www.mfoto.es\/noticias\/wp-content\/uploads_2012\/059_antxustegi_lujua_principe.jpg\" alt=\"\" width=\"450\" height=\"300\" srcset=\"https:\/\/www.mfoto.es\/noticias\/wp-content\/uploads_2012\/059_antxustegi_lujua_principe.jpg 450w, https:\/\/www.mfoto.es\/noticias\/wp-content\/uploads_2012\/059_antxustegi_lujua_principe-300x200.jpg 300w\" sizes=\"auto, (max-width: 450px) 100vw, 450px\" \/><\/p>\n<p>Dos equipos vascos estar\u00e1n en la salida del 47\u00ba Rallye Pr\u00edncipe de Asturias, que se celebra este fin de semana en Oviedo, con puntuabilidad para el campeonato de Europa de Rallyes y tambi\u00e9n ser\u00e1 la s\u00e9ptima prueba del Campeonato de Espa\u00f1a de Rallyes de Asfalto 2010.<\/p>\n<p>Los bilba\u00ednos Xabier Lujua y Txiki Burgos participar\u00e1n con su Mitsubishi EVO X englobados en la Mitsubishi EVO CUP de asfalto.<\/p>\n<p>El piloto de Markina, Gorka Antxustegi copilotado por el asturiano Gabriel Su\u00e1rez participar\u00e1n con uno de los dos Suzuki Swift S1600 del equipo Suzuki Ib\u00e9rica con el que est\u00e1n clasificados actualmente en la quinta plaza de la Copa de Espa\u00f1a de 2 ruedas motrices.<\/p>\n<p>La prueba tiene un recorrido total de 863 kil\u00f3metros y consta de 13 tramos de velocidad que suman un total de 256 kil\u00f3metros cronometrados. La salida ser\u00e1 a las 8:00 horas del viernes 10 y la llegada est\u00e1 prevista para las 18:00 horas del s\u00e1bado 11 en Oviedo.<\/p>\n","protected":false},"excerpt":{"rendered":"<p>Dos equipos vascos estar\u00e1n en la salida del 47\u00ba Rallye Pr\u00edncipe de Asturias, que se celebra este fin de semana en Oviedo, con puntuabilidad para el campeonato de Europa de Rallyes y tambi\u00e9n ser\u00e1 la s\u00e9ptima prueba del Campeonato de Espa\u00f1a de Rallyes de Asfalto 2010. Los bilba\u00ednos Xabier Lujua y Txiki Burgos participar\u00e1n con [&hellip;]<\/p>\n","protected":false},"author":1,"featured_media":0,"comment_status":"closed","ping_status":"closed","sticky":false,"template":"","format":"standard","meta":{"footnotes":""},"categories":[51,15,54,5,4],"tags":[],"class_list":["post-474","post","type-post","status-publish","format-standard","hentry","category-antxustegi","category-asturias","category-lujua","category-nacional","category-rallyes"],"_links":{"self":[{"href":"https:\/\/www.mfoto.es\/noticias\/index.php?rest_route=\/wp\/v2\/posts\/474","targetHints":{"allow":["GET"]}}],"collection":[{"href":"https:\/\/www.mfoto.es\/noticias\/index.php?rest_route=\/wp\/v2\/posts"}],"about":[{"href":"https:\/\/www.mfoto.es\/noticias\/index.php?rest_route=\/wp\/v2\/types\/post"}],"author":[{"embeddable":true,"href":"https:\/\/www.mfoto.es\/noticias\/index.php?rest_route=\/wp\/v2\/users\/1"}],"replies":[{"embeddable":true,"href":"https:\/\/www.mfoto.es\/noticias\/index.php?rest_route=%2Fwp%2Fv2%2Fcomments&post=474"}],"version-history":[{"count":0,"href":"https:\/\/www.mfoto.es\/noticias\/index.php?rest_route=\/wp\/v2\/posts\/474\/revisions"}],"wp:attachment":[{"href":"https:\/\/www.mfoto.es\/noticias\/index.php?rest_route=%2Fwp%2Fv2%2Fmedia&parent=474"}],"wp:term":[{"taxonomy":"category","embeddable":true,"href":"https:\/\/www.mfoto.es\/noticias\/index.php?rest_route=%2Fwp%2Fv2%2Fcategories&post=474"},{"taxonomy":"post_tag","embeddable":true,"href":"https:\/\/www.mfoto.es\/noticias\/index.php?rest_route=%2Fwp%2Fv2%2Ftags&post=474"}],"curies":[{"name":"wp","href":"https:\/\/api.w.org\/{rel}","templated":true}]}}