{"id":4699,"date":"2024-11-20T17:16:43","date_gmt":"2024-11-20T16:16:43","guid":{"rendered":"https:\/\/www.mfoto.es\/noticias\/?p=4699"},"modified":"2024-11-20T17:16:44","modified_gmt":"2024-11-20T16:16:44","slug":"victoria-y-campeonato-para-cachon-en-pozoblanco","status":"publish","type":"post","link":"https:\/\/www.mfoto.es\/noticias\/?p=4699","title":{"rendered":"Victoria y campeonato para Cach\u00f3n en Pozoblanco"},"content":{"rendered":"\n<p><img loading=\"lazy\" decoding=\"async\" class=\"alignleft\" src=\"http:\/\/www.mfoto.es\/logos\/foto.gif\" alt=\"\" width=\"50\" height=\"36\"><\/p>\n<p><strong><a href=\"https:\/\/www.mfoto.es\/fotos\/2024\/12_pozoblanco\/\">FOTOS RALLYE CIUDAD DE POZOBLANCO<\/a><\/strong><\/p>\n\n<div id=\"attachment_4700\" style=\"width: 460px\" class=\"wp-caption aligncenter\"><img loading=\"lazy\" decoding=\"async\" aria-describedby=\"caption-attachment-4700\" class=\"wp-image-4700 size-full\" src=\"https:\/\/www.mfoto.es\/noticias\/wp-content\/uploads_2012\/372_cachon_pozoblanco.jpg\" alt=\"\" width=\"450\" height=\"300\" srcset=\"https:\/\/www.mfoto.es\/noticias\/wp-content\/uploads_2012\/372_cachon_pozoblanco.jpg 450w, https:\/\/www.mfoto.es\/noticias\/wp-content\/uploads_2012\/372_cachon_pozoblanco-300x200.jpg 300w\" sizes=\"auto, (max-width: 450px) 100vw, 450px\" \/><p id=\"caption-attachment-4700\" class=\"wp-caption-text\">Victoria y t\u00edtulo para Cach\u00f3n y Rozada en Pozoblanco<\/p><\/div>\n\n\n\n<p>Alejandro Cach\u00f3n y Borja Rozada con el Toyota GR Yaris Rally2 de Teo Mart\u00edn, ganaban el Rallye Ciudad de Pozoblanco y se adjudicaban el Supercampeonato de Espa\u00f1a de Rallyes 2024.<\/p>\n\n\n\n<p>La segunda plaza era para \u00abCohete\u00bb Su\u00e1rez y Alberto Iglesias con el Skoda Fabia RS Rally2 a 37.3 segundos y la tercera para el joven Gil Membrado y \u00abJandr\u00edn\u00bb L\u00f3pez con un Ford Fiesta R5 MKII, a poco m\u00e1s de un minuto.<\/p>\n\n\n\n<p>Diego Ruiloba y Angel Vela se retiraban en el tercer tramo tras sufrir un pinchazo y romper una rueda de su Citro\u00ebn C3 Rally2, perdiendo todas las opciones de optar al t\u00edtulo.<\/p>\n\n\n\n<p>Resaltar la participaci\u00f3n de Dani Sordo y C\u00e1ndido Carrera probando nuevas soluciones en el Hyundai i20 WRC de cara al mundial 2025.<\/p>\n\n\n\n<p>En Pozoblanco tambi\u00e9n se decidi\u00f3 el t\u00edtulo de la Copa de Espa\u00f1a de Rallyes de Tierra a favor de Alex Villanueva y Jos\u00e9 Murado con un Skoda Fabia RS Rally2.<\/p>\n\n\n\n<p>En las dem\u00e1s categor\u00edas Unai de la Dehesa y Daniel Sosa se impon\u00edan en Dos Ruedas Motrices, en la Beca Rallye Team Spain Junior y en del Desaf\u00edo Peugeot y Francisco Montes y David Collado ganaban la Copa Kobe Motor con el Toyota Aygo.<\/p>\n\n\n\n<p>Con este rallye se da por finalizada la temporada 2024 del Supercampeonato de Espa\u00f1a de Rallyes y de la Copa de Espa\u00f1a de Rallyes de Tierra.<\/p>\n\n\n\n<div style=\"height:20px\" aria-hidden=\"true\" class=\"wp-block-spacer\"><\/div>\n\n\n\n<hr class=\"wp-block-separator has-alpha-channel-opacity\"\/>\n\n\n\n<p><strong>Clasificaci\u00f3n 11 Rallye Ciudad de Pozoblanco 2024:<\/strong><br>1\u00ba Cach\u00f3n-Rozada (Toyota GR Yaris Rally2) 55:58.0<br>2\u00ba Su\u00e1rez-Iglesias (Skoda Fabia RS Rally2) +37.3<br>3\u00ba Membrado-L\u00f3pez (Ford Fiesta R5 MKII) +1:06.4<br>4\u00ba Vidales-Hereu (Skoda Fabia RS Rally2) +1:45.8<br>5\u00ba P\u00e9rez-Coronado (Hyundai i20n Rally2) +1:50.7<\/p>\n\n\n\n<hr class=\"wp-block-separator has-alpha-channel-opacity\"\/>\n","protected":false},"excerpt":{"rendered":"<p>FOTOS RALLYE CIUDAD DE POZOBLANCO Alejandro Cach\u00f3n y Borja Rozada con el Toyota GR Yaris Rally2 de Teo Mart\u00edn, ganaban el Rallye Ciudad de Pozoblanco y se adjudicaban el Supercampeonato de Espa\u00f1a de Rallyes 2024. La segunda plaza era para \u00abCohete\u00bb Su\u00e1rez y Alberto Iglesias con el Skoda Fabia RS Rally2 a 37.3 segundos y [&hellip;]<\/p>\n","protected":false},"author":1,"featured_media":0,"comment_status":"closed","ping_status":"closed","sticky":false,"template":"","format":"standard","meta":{"footnotes":""},"categories":[281,110,245,238,145,284,283,289,5,148,4,271,105,115,210,19,278],"tags":[],"class_list":["post-4699","post","type-post","status-publish","format-standard","hentry","category-281","category-andalucia","category-beca_junior_rts","category-cachon","category-cert","category-de-la-dehesa","category-desafio-peugeot","category-membrado","category-nacional","category-perez","category-rallyes","category-ruiloba","category-sordo","category-suarez","category-supercer","category-tierra","category-vidales"],"_links":{"self":[{"href":"https:\/\/www.mfoto.es\/noticias\/index.php?rest_route=\/wp\/v2\/posts\/4699","targetHints":{"allow":["GET"]}}],"collection":[{"href":"https:\/\/www.mfoto.es\/noticias\/index.php?rest_route=\/wp\/v2\/posts"}],"about":[{"href":"https:\/\/www.mfoto.es\/noticias\/index.php?rest_route=\/wp\/v2\/types\/post"}],"author":[{"embeddable":true,"href":"https:\/\/www.mfoto.es\/noticias\/index.php?rest_route=\/wp\/v2\/users\/1"}],"replies":[{"embeddable":true,"href":"https:\/\/www.mfoto.es\/noticias\/index.php?rest_route=%2Fwp%2Fv2%2Fcomments&post=4699"}],"version-history":[{"count":3,"href":"https:\/\/www.mfoto.es\/noticias\/index.php?rest_route=\/wp\/v2\/posts\/4699\/revisions"}],"predecessor-version":[{"id":4703,"href":"https:\/\/www.mfoto.es\/noticias\/index.php?rest_route=\/wp\/v2\/posts\/4699\/revisions\/4703"}],"wp:attachment":[{"href":"https:\/\/www.mfoto.es\/noticias\/index.php?rest_route=%2Fwp%2Fv2%2Fmedia&parent=4699"}],"wp:term":[{"taxonomy":"category","embeddable":true,"href":"https:\/\/www.mfoto.es\/noticias\/index.php?rest_route=%2Fwp%2Fv2%2Fcategories&post=4699"},{"taxonomy":"post_tag","embeddable":true,"href":"https:\/\/www.mfoto.es\/noticias\/index.php?rest_route=%2Fwp%2Fv2%2Ftags&post=4699"}],"curies":[{"name":"wp","href":"https:\/\/api.w.org\/{rel}","templated":true}]}}