{"id":4680,"date":"2024-10-09T10:04:28","date_gmt":"2024-10-09T09:04:28","guid":{"rendered":"https:\/\/www.mfoto.es\/noticias\/?p=4680"},"modified":"2024-10-09T10:04:28","modified_gmt":"2024-10-09T09:04:28","slug":"dominio-de-pepe-lopez-en-el-rallye-comunidad-de-madrid","status":"publish","type":"post","link":"https:\/\/www.mfoto.es\/noticias\/?p=4680","title":{"rendered":"Dominio de Pepe L\u00f3pez en el Rallye Comunidad de Madrid"},"content":{"rendered":"\n<p><img loading=\"lazy\" decoding=\"async\" class=\"alignleft\" src=\"http:\/\/www.mfoto.es\/logos\/foto.gif\" alt=\"\" width=\"50\" height=\"36\"><\/p>\n<p><strong><a href=\"https:\/\/www.mfoto.es\/fotos\/2024\/10_madrid\/\">FOTOS RALLYE COMUNIDAD DE MADRID<\/a><\/strong><\/p>\n\n<div id=\"attachment_4681\" style=\"width: 460px\" class=\"wp-caption aligncenter\"><img loading=\"lazy\" decoding=\"async\" aria-describedby=\"caption-attachment-4681\" class=\"wp-image-4681 size-full\" src=\"https:\/\/www.mfoto.es\/noticias\/wp-content\/uploads_2012\/370_lopez_madrid.jpg\" alt=\"\" width=\"450\" height=\"300\" srcset=\"https:\/\/www.mfoto.es\/noticias\/wp-content\/uploads_2012\/370_lopez_madrid.jpg 450w, https:\/\/www.mfoto.es\/noticias\/wp-content\/uploads_2012\/370_lopez_madrid-300x200.jpg 300w\" sizes=\"auto, (max-width: 450px) 100vw, 450px\" \/><p id=\"caption-attachment-4681\" class=\"wp-caption-text\">Victoria para Pepe L\u00f3pez y David V\u00e1zquez en Madrid<\/p><\/div>\n\n\n\n<p>Tras varios meses alejado de la competici\u00f3n, Pepe L\u00f3pez reaparec\u00eda con el Ford Fiesta R5 MKII del equipo Past Racing en el Rallye Comunidad de Madrid y consegu\u00eda sin problemas la victoria.<\/p>\n\n\n\n<p>La segunda plaza era para su compa\u00f1ero de equipo, el joven Gil Membrado que terminaba a s\u00f3lo 18.4 segundos con otro Ford Fiesta R5 MKII y la tercera posici\u00f3n fue para el mexicano Alejandro Mauro con un Skoda Fabia RS Rally2 del equipo Mapo a poco m\u00e1s de un minuto.<\/p>\n\n\n\n<p>Destacar el abandono de Oriol G\u00f3mez y Andr\u00e9s Blanco al sufrir una salida de pista con el Hyundai i20N Rallye2 y la presencia en la prueba de cuatro pilotos mexicanos, Alejandro Mauro, Patrice Spitalier, Gustavo Uriostegui y Emiliano Retama.<\/p>\n\n\n\n<p>En las categor\u00edas restantes, Alberto Monarri y Diego Sanjuan ganaban la categor\u00eda N5 con un Nissan Micra N5 del equipo RMC y Manuel Jes\u00fas Jimenez e Ignacio Paz lideraban la clasificaci\u00f3n de dos ruedas motrices con un Renault Clio Rally4.<\/p>\n\n\n\n<p>Tambi\u00e9n estaban presentes la Copa Clio Trophy Spain Gravel Junior con victoria de los franceses Alexandre Villiod y Jaques Julien Renucc con un Renault Clio Rally5 y la Copa Kobe liderada por Paco Montes y David Collado con el Toyota Aygo.<\/p>\n\n\n\n<p>La pr\u00f3xima prueba ser\u00e1 el RallyRACC Catalunya, los d\u00edas 18 y 19 de Octubre con base en Salou y ser\u00e1 puntuable para el SuperCER y para la Copa de Espa\u00f1a de Rallyes de Tierra.<\/p>\n\n\n\n<div style=\"height:20px\" aria-hidden=\"true\" class=\"wp-block-spacer\"><\/div>\n\n\n\n<hr class=\"wp-block-separator has-alpha-channel-opacity\"\/>\n\n\n\n<p><strong>Clasificaci\u00f3n Rallye Comunidad de Madrid 2024:<\/strong><br>1\u00ba L\u00f3pez-V\u00e1zquez (Ford Fiesta R5 MKII) 51:29:0<br>2\u00ba Membrado-S\u00e1nchez (Ford Fiesta R5 MKII) +18:4<br>3\u00ba Mauro-P\u00e9rez (Skoda Fabia RS Rally2) +1:09:3<br>4\u00ba Vidales-Hereu (Skoda Fabia RS Rally2) +1:28:2<br>5\u00ba Villanueva-Murado (Skoda Fabia RS Rally2) +1:42:6<\/p>\n\n\n\n<hr class=\"wp-block-separator has-alpha-channel-opacity\"\/>\n","protected":false},"excerpt":{"rendered":"<p>FOTOS RALLYE COMUNIDAD DE MADRID Tras varios meses alejado de la competici\u00f3n, Pepe L\u00f3pez reaparec\u00eda con el Ford Fiesta R5 MKII del equipo Past Racing en el Rallye Comunidad de Madrid y consegu\u00eda sin problemas la victoria. La segunda plaza era para su compa\u00f1ero de equipo, el joven Gil Membrado que terminaba a s\u00f3lo 18.4 [&hellip;]<\/p>\n","protected":false},"author":1,"featured_media":0,"comment_status":"closed","ping_status":"closed","sticky":false,"template":"","format":"standard","meta":{"footnotes":""},"categories":[281,145,253,162,34,288,289,153,5,4,19,278,138],"tags":[],"class_list":["post-4680","post","type-post","status-publish","format-standard","hentry","category-281","category-cert","category-gomez","category-lopez","category-madrid","category-mauro","category-membrado","category-monarri","category-nacional","category-rallyes","category-tierra","category-vidales","category-villanueva"],"_links":{"self":[{"href":"https:\/\/www.mfoto.es\/noticias\/index.php?rest_route=\/wp\/v2\/posts\/4680","targetHints":{"allow":["GET"]}}],"collection":[{"href":"https:\/\/www.mfoto.es\/noticias\/index.php?rest_route=\/wp\/v2\/posts"}],"about":[{"href":"https:\/\/www.mfoto.es\/noticias\/index.php?rest_route=\/wp\/v2\/types\/post"}],"author":[{"embeddable":true,"href":"https:\/\/www.mfoto.es\/noticias\/index.php?rest_route=\/wp\/v2\/users\/1"}],"replies":[{"embeddable":true,"href":"https:\/\/www.mfoto.es\/noticias\/index.php?rest_route=%2Fwp%2Fv2%2Fcomments&post=4680"}],"version-history":[{"count":3,"href":"https:\/\/www.mfoto.es\/noticias\/index.php?rest_route=\/wp\/v2\/posts\/4680\/revisions"}],"predecessor-version":[{"id":4684,"href":"https:\/\/www.mfoto.es\/noticias\/index.php?rest_route=\/wp\/v2\/posts\/4680\/revisions\/4684"}],"wp:attachment":[{"href":"https:\/\/www.mfoto.es\/noticias\/index.php?rest_route=%2Fwp%2Fv2%2Fmedia&parent=4680"}],"wp:term":[{"taxonomy":"category","embeddable":true,"href":"https:\/\/www.mfoto.es\/noticias\/index.php?rest_route=%2Fwp%2Fv2%2Fcategories&post=4680"},{"taxonomy":"post_tag","embeddable":true,"href":"https:\/\/www.mfoto.es\/noticias\/index.php?rest_route=%2Fwp%2Fv2%2Ftags&post=4680"}],"curies":[{"name":"wp","href":"https:\/\/api.w.org\/{rel}","templated":true}]}}