{"id":4664,"date":"2024-09-11T11:42:00","date_gmt":"2024-09-11T10:42:00","guid":{"rendered":"https:\/\/www.mfoto.es\/noticias\/?p=4664"},"modified":"2024-09-11T11:42:01","modified_gmt":"2024-09-11T10:42:01","slug":"cachon-gana-su-segundo-rally-princesa-de-asturias","status":"publish","type":"post","link":"https:\/\/www.mfoto.es\/noticias\/?p=4664","title":{"rendered":"Cach\u00f3n gana su segundo Rally Princesa de Asturias"},"content":{"rendered":"\n<p><img loading=\"lazy\" decoding=\"async\" class=\"alignleft\" src=\"http:\/\/www.mfoto.es\/logos\/foto.gif\" alt=\"\" width=\"50\" height=\"36\"><\/p>\n<p><strong><a href=\"https:\/\/www.mfoto.es\/fotos\/2024\/08_princesa\/\">FOTOS RALLY PRINCESA DE ASTURIAS<\/a><\/strong><\/p>\n\n<div id=\"attachment_4665\" style=\"width: 460px\" class=\"wp-caption aligncenter\"><img loading=\"lazy\" decoding=\"async\" aria-describedby=\"caption-attachment-4665\" class=\"wp-image-4665 size-full\" src=\"https:\/\/www.mfoto.es\/noticias\/wp-content\/uploads_2012\/368_cachon_princesa.jpg\" alt=\"\" width=\"450\" height=\"300\" srcset=\"https:\/\/www.mfoto.es\/noticias\/wp-content\/uploads_2012\/368_cachon_princesa.jpg 450w, https:\/\/www.mfoto.es\/noticias\/wp-content\/uploads_2012\/368_cachon_princesa-300x200.jpg 300w\" sizes=\"auto, (max-width: 450px) 100vw, 450px\" \/><p id=\"caption-attachment-4665\" class=\"wp-caption-text\">Cach\u00f3n gana su segundo Rally Princesa de Asturias<\/p><\/div>\n\n\n\n<p>Alejandro Cach\u00f3n y Borja Rozada con el Toyota Yaris GR se impon\u00edan sin cometer errores, en un Rally Princesa de Asturias muy complicado debido a la lluvia constante que cay\u00f3 en la etapa del viernes.<\/p>\n\n\n\n<p>Diego Ruiloba y Angel Vela terminaban en la segunda plaza con el Citro\u00ebn C3, a pesar de un pinchazo en el pen\u00faltimo tramo en el que perd\u00edan dos minutos y la segunda posici\u00f3n que consegu\u00edan volver a recuperar en el \u00faltimo tramo del rallye.<\/p>\n\n\n\n<p>Efr\u00e9n llarena y Sara Fern\u00e1ndez, esta vez con un Hyundai i20N, acabaron en la tercera posici\u00f3n a 4.1 segundos de Ruiloba.<\/p>\n\n\n\n<p>La cruz del rallye les toc\u00f3 a \u00abCohete\u00bb Su\u00e1rez y Alberto Iglesias, que pinchaban su Skoda Fabia en la primera pasada de Morc\u00edn perdiendo m\u00e1s de cinco minutos y en la segunda pasada al mismo tramo, se sal\u00edan fuertemente y abandonaban.<\/p>\n\n\n\n<p>En el rallye estaban presentes varias copas monomarca que terminaban con victorias de Juan Carlos Fern\u00e1ndez y \u00d3scar Arranz en la Clio Trophy Spain Asfalto, de Pepe \u00c1lvarez y Diego Sustacha en la Copa Hyundai i20 Rally y de Hugo Rodr\u00edguez y Gema S\u00e1nchez en la Dacia Sandero Eco Cup.<\/p>\n\n\n\n<p>La siguiente prueba del SuperCER ser\u00e1 el Rallye de Llanes los d\u00edas 20 y 21 de Septiembre, de nuevo en Asturias.<\/p>\n\n\n\n<div style=\"height:20px\" aria-hidden=\"true\" class=\"wp-block-spacer\"><\/div>\n\n\n\n<hr class=\"wp-block-separator has-alpha-channel-opacity\"\/>\n\n\n\n<p><strong>Clasificaci\u00f3n 61 Rally Princesa de Asturias 2024:<\/strong><br>1\u00ba Cach\u00f3n-Rozada (Toyota GR Yaris Rally2) 1:24:06.7<br>2\u00ba Ruiloba-Vela (Citro\u00ebn C3 Rally2) +1:33.7<br>3\u00ba Llarena-Fern\u00e1ndez (Hyundai i20N Rally2) +1:37.8<br>4\u00ba Ordo\u00f1ez-Pintor (Skoda Fabia R5) +2:13.2<br>5\u00ba Villa-Velasco (Toyota Yaris N5) +7:11.6<\/p>\n\n\n\n<hr class=\"wp-block-separator has-alpha-channel-opacity\"\/>\n","protected":false},"excerpt":{"rendered":"<p>FOTOS RALLY PRINCESA DE ASTURIAS Alejandro Cach\u00f3n y Borja Rozada con el Toyota Yaris GR se impon\u00edan sin cometer errores, en un Rally Princesa de Asturias muy complicado debido a la lluvia constante que cay\u00f3 en la etapa del viernes. Diego Ruiloba y Angel Vela terminaban en la segunda plaza con el Citro\u00ebn C3, a [&hellip;]<\/p>\n","protected":false},"author":1,"featured_media":0,"comment_status":"closed","ping_status":"closed","sticky":false,"template":"","format":"standard","meta":{"footnotes":""},"categories":[281,15,238,163,5,287,4,271,210,285],"tags":[],"class_list":["post-4664","post","type-post","status-publish","format-standard","hentry","category-281","category-asturias","category-cachon","category-llarena","category-nacional","category-ordonez","category-rallyes","category-ruiloba","category-supercer","category-villa"],"_links":{"self":[{"href":"https:\/\/www.mfoto.es\/noticias\/index.php?rest_route=\/wp\/v2\/posts\/4664","targetHints":{"allow":["GET"]}}],"collection":[{"href":"https:\/\/www.mfoto.es\/noticias\/index.php?rest_route=\/wp\/v2\/posts"}],"about":[{"href":"https:\/\/www.mfoto.es\/noticias\/index.php?rest_route=\/wp\/v2\/types\/post"}],"author":[{"embeddable":true,"href":"https:\/\/www.mfoto.es\/noticias\/index.php?rest_route=\/wp\/v2\/users\/1"}],"replies":[{"embeddable":true,"href":"https:\/\/www.mfoto.es\/noticias\/index.php?rest_route=%2Fwp%2Fv2%2Fcomments&post=4664"}],"version-history":[{"count":2,"href":"https:\/\/www.mfoto.es\/noticias\/index.php?rest_route=\/wp\/v2\/posts\/4664\/revisions"}],"predecessor-version":[{"id":4667,"href":"https:\/\/www.mfoto.es\/noticias\/index.php?rest_route=\/wp\/v2\/posts\/4664\/revisions\/4667"}],"wp:attachment":[{"href":"https:\/\/www.mfoto.es\/noticias\/index.php?rest_route=%2Fwp%2Fv2%2Fmedia&parent=4664"}],"wp:term":[{"taxonomy":"category","embeddable":true,"href":"https:\/\/www.mfoto.es\/noticias\/index.php?rest_route=%2Fwp%2Fv2%2Fcategories&post=4664"},{"taxonomy":"post_tag","embeddable":true,"href":"https:\/\/www.mfoto.es\/noticias\/index.php?rest_route=%2Fwp%2Fv2%2Ftags&post=4664"}],"curies":[{"name":"wp","href":"https:\/\/api.w.org\/{rel}","templated":true}]}}