{"id":4627,"date":"2024-05-22T11:53:27","date_gmt":"2024-05-22T10:53:27","guid":{"rendered":"https:\/\/www.mfoto.es\/noticias\/?p=4627"},"modified":"2024-05-22T11:54:32","modified_gmt":"2024-05-22T10:54:32","slug":"victoria-de-villanueva-y-murado-en-el-rallye-reino-de-leon","status":"publish","type":"post","link":"https:\/\/www.mfoto.es\/noticias\/?p=4627","title":{"rendered":"Victoria de Villanueva y Murado en el Rallye Reino de Le\u00f3n"},"content":{"rendered":"\n<p><img loading=\"lazy\" decoding=\"async\" class=\"alignleft\" src=\"http:\/\/www.mfoto.es\/logos\/foto.gif\" alt=\"\" width=\"50\" height=\"36\"><\/p>\n<p><strong><a href=\"https:\/\/www.mfoto.es\/fotos\/2024\/05_leon\/\">FOTOS RALLYE REINO DE LEON<\/a><\/strong><\/p>\n\n<div id=\"attachment_4628\" style=\"width: 460px\" class=\"wp-caption aligncenter\"><img loading=\"lazy\" decoding=\"async\" aria-describedby=\"caption-attachment-4628\" class=\"wp-image-4628 size-full\" src=\"https:\/\/www.mfoto.es\/noticias\/wp-content\/uploads_2012\/364_villanueva_leon.jpg\" alt=\"\" width=\"450\" height=\"300\" srcset=\"https:\/\/www.mfoto.es\/noticias\/wp-content\/uploads_2012\/364_villanueva_leon.jpg 450w, https:\/\/www.mfoto.es\/noticias\/wp-content\/uploads_2012\/364_villanueva_leon-300x200.jpg 300w\" sizes=\"auto, (max-width: 450px) 100vw, 450px\" \/><p id=\"caption-attachment-4628\" class=\"wp-caption-text\">Villanueva se llevaba la victoria en L\u00e9on<\/p><\/div>\n\n\n\n<p>La meteorolog\u00eda marcaba la cuarta edici\u00f3n del Rallye Reino de Le\u00f3n, que se disput\u00f3 con fuertes tormentas y provoc\u00f3 numerosas salidas de pista.<\/p>\n\n\n\n<p>Xevi Pons y Diego Sanjuan se impon\u00edan en todos los tramos por la ma\u00f1ana, pero un fallo mec\u00e1nico de su Nissan Micra N5, les obligaba a retirarse en el primer tramo de la tarde. A partir de ah\u00ed, Alex Villanueva y Jos\u00e9 Murado, con un Skoda Fabia RS, heredaban la primera plaza y la manten\u00edan hasta el final.<\/p>\n\n\n\n<p>Xavier Joan Vidales y Jordi Hereu, con Skoda Fabia RS, terminaban en segunda posici\u00f3n a 1:13 y la tercera plaza era para Oriol G\u00f3mez y Andr\u00e9s Blanco a 2:42.3 tras reglar el Ford Fiesta R5 y remontar bastantes posiciones en los tramos de la tarde.<\/p>\n\n\n\n<p>El trofeo de Dos Ruedas Motrices era en esta ocasi\u00f3n para Aritz Iriondo y Joseba S\u00e1nchez con un Renault Clio Rally5 y ganaban tambi\u00e9n la Cl\u00edo Trophy Spain Tierra.<\/p>\n\n\n\n<p>La pr\u00f3xima prueba de la Copa de Espa\u00f1a de Rallyes de Tierra ser\u00e1 el Rallye de los Volcanes, que se celebrar\u00e1 en la isla de Lanzarote los d\u00edas 19 y 20 de Julio.<\/p>\n\n\n\n<div style=\"height:20px\" aria-hidden=\"true\" class=\"wp-block-spacer\"><\/div>\n\n\n\n<hr class=\"wp-block-separator has-alpha-channel-opacity\"\/>\n\n\n\n<p><strong>Clasificaci\u00f3n IV Rallye de Tierra Reino de Le\u00f3n 2024<\/strong><br>1\u00ba Villanueva-Murado (Skoda Fabia RS Rally2) 1:02:31.6<br>2\u00ba Vidales-Hereu (Skoda Fabia RS Rally2) +1:13.0<br>3\u00ba G\u00f3mez-Blanco (Ford Fiesta R5 MkII) +2:42.3<br>4\u00ba Quintana-Hern\u00e1ndez (Skoda Fabia R5) +2:50.2<br>5\u00ba Mac\u00edas-Fern\u00e1ndez (Skoda Fabia R5) +5:07.5<\/p>\n\n\n\n<hr class=\"wp-block-separator has-alpha-channel-opacity\"\/>\n","protected":false},"excerpt":{"rendered":"<p>FOTOS RALLYE REINO DE LEON La meteorolog\u00eda marcaba la cuarta edici\u00f3n del Rallye Reino de Le\u00f3n, que se disput\u00f3 con fuertes tormentas y provoc\u00f3 numerosas salidas de pista. Xevi Pons y Diego Sanjuan se impon\u00edan en todos los tramos por la ma\u00f1ana, pero un fallo mec\u00e1nico de su Nissan Micra N5, les obligaba a retirarse [&hellip;]<\/p>\n","protected":false},"author":1,"featured_media":0,"comment_status":"closed","ping_status":"closed","sticky":false,"template":"","format":"standard","meta":{"footnotes":""},"categories":[281,173,145,253,181,279,262,5,99,207,4,19,278,138],"tags":[],"class_list":["post-4627","post","type-post","status-publish","format-standard","hentry","category-281","category-castilla-leon","category-cert","category-gomez","category-iriondo","category-leon","category-macias","category-nacional","category-pons","category-quintana","category-rallyes","category-tierra","category-vidales","category-villanueva"],"_links":{"self":[{"href":"https:\/\/www.mfoto.es\/noticias\/index.php?rest_route=\/wp\/v2\/posts\/4627","targetHints":{"allow":["GET"]}}],"collection":[{"href":"https:\/\/www.mfoto.es\/noticias\/index.php?rest_route=\/wp\/v2\/posts"}],"about":[{"href":"https:\/\/www.mfoto.es\/noticias\/index.php?rest_route=\/wp\/v2\/types\/post"}],"author":[{"embeddable":true,"href":"https:\/\/www.mfoto.es\/noticias\/index.php?rest_route=\/wp\/v2\/users\/1"}],"replies":[{"embeddable":true,"href":"https:\/\/www.mfoto.es\/noticias\/index.php?rest_route=%2Fwp%2Fv2%2Fcomments&post=4627"}],"version-history":[{"count":6,"href":"https:\/\/www.mfoto.es\/noticias\/index.php?rest_route=\/wp\/v2\/posts\/4627\/revisions"}],"predecessor-version":[{"id":4634,"href":"https:\/\/www.mfoto.es\/noticias\/index.php?rest_route=\/wp\/v2\/posts\/4627\/revisions\/4634"}],"wp:attachment":[{"href":"https:\/\/www.mfoto.es\/noticias\/index.php?rest_route=%2Fwp%2Fv2%2Fmedia&parent=4627"}],"wp:term":[{"taxonomy":"category","embeddable":true,"href":"https:\/\/www.mfoto.es\/noticias\/index.php?rest_route=%2Fwp%2Fv2%2Fcategories&post=4627"},{"taxonomy":"post_tag","embeddable":true,"href":"https:\/\/www.mfoto.es\/noticias\/index.php?rest_route=%2Fwp%2Fv2%2Ftags&post=4627"}],"curies":[{"name":"wp","href":"https:\/\/api.w.org\/{rel}","templated":true}]}}