{"id":4589,"date":"2024-04-18T15:41:37","date_gmt":"2024-04-18T14:41:37","guid":{"rendered":"https:\/\/www.mfoto.es\/noticias\/?p=4589"},"modified":"2024-04-22T17:25:49","modified_gmt":"2024-04-22T16:25:49","slug":"el-rallye-festival-hoznayo-a-rebosar-de-publico","status":"publish","type":"post","link":"https:\/\/www.mfoto.es\/noticias\/?p=4589","title":{"rendered":"El Rallye Festival Hoznayo a rebosar de p\u00fablico"},"content":{"rendered":"\n<p><img loading=\"lazy\" decoding=\"async\" class=\"alignleft\" src=\"http:\/\/www.mfoto.es\/logos\/foto.gif\" alt=\"\" width=\"50\" height=\"36\"><\/p>\n<p><strong><a href=\"https:\/\/www.mfoto.es\/fotos\/2024\/03_hoznayo\/\">FOTOS RALLYE FESTIVAL HOZNAYO<\/a><\/strong><\/p>\n\n<div id=\"attachment_4590\" style=\"width: 460px\" class=\"wp-caption aligncenter\"><img loading=\"lazy\" decoding=\"async\" aria-describedby=\"caption-attachment-4590\" class=\"wp-image-4590 size-full\" src=\"https:\/\/www.mfoto.es\/noticias\/wp-content\/uploads_2012\/361_hoznayo.jpg\" alt=\"\" width=\"450\" height=\"300\" srcset=\"https:\/\/www.mfoto.es\/noticias\/wp-content\/uploads_2012\/361_hoznayo.jpg 450w, https:\/\/www.mfoto.es\/noticias\/wp-content\/uploads_2012\/361_hoznayo-300x200.jpg 300w\" sizes=\"auto, (max-width: 450px) 100vw, 450px\" \/><p id=\"caption-attachment-4590\" class=\"wp-caption-text\">Otra edici\u00f3n de Hoznayo a tope de p\u00fablico<\/p><\/div>\n\n\n\n<p>Otra edici\u00f3n m\u00e1s, el Rallye Festival Hoznayo lo ha vuelto a conseguir, las cunetas estaban a tope de p\u00fablico llegado de todas las comunidades, para disfrutar de los coches que ya no se pueden ver en los rallyes actuales.<\/p>\n\n\n\n<p>En esta ocasi\u00f3n los pilotos invitados y homenajeados han sido el franc\u00e9s Jean Ragnotti, campe\u00f3n de Francia en el 80 y el 84 con el Renault 5 Turbo y siempre recordado por sus espectaculares actuaciones con el Renault Clio Williams, el finland\u00e9s Marcus Gr\u00f6nholm, doble campe\u00f3n del mundo los a\u00f1os 2000 y 2002, y el canario Jos\u00e9 Mari Ponce, campe\u00f3n de Espa\u00f1a en 1991 con el BMW M3.<\/p>\n\n\n\n<p>La prueba daba comienzo con el shakedown el jueves por la ma\u00f1ana, por la tarde la salida protocolaria en Li\u00e9rganes y continuaba en las jornadas del viernes y s\u00e1bado para terminar con el ya cl\u00e1sico pasillo humano al llegar a Hoznayo.<\/p>\n\n\n\n<p>Este a\u00f1o ha sido un \u00e9xito de p\u00fablico, con la meteorologia favorable y con 140 veh\u00edculos inscritos de todas las \u00e9pocas.<\/p>\n\n\n\n<p>La pr\u00f3xima edici\u00f3n se rumorea que puede ser dentro de dos a\u00f1os.<\/p>\n\n\n\n<p><\/p>\n","protected":false},"excerpt":{"rendered":"<p>FOTOS RALLYE FESTIVAL HOZNAYO Otra edici\u00f3n m\u00e1s, el Rallye Festival Hoznayo lo ha vuelto a conseguir, las cunetas estaban a tope de p\u00fablico llegado de todas las comunidades, para disfrutar de los coches que ya no se pueden ver en los rallyes actuales. En esta ocasi\u00f3n los pilotos invitados y homenajeados han sido el franc\u00e9s [&hellip;]<\/p>\n","protected":false},"author":1,"featured_media":0,"comment_status":"closed","ping_status":"closed","sticky":false,"template":"","format":"standard","meta":{"footnotes":""},"categories":[281,10,16,260,4],"tags":[],"class_list":["post-4589","post","type-post","status-publish","format-standard","hentry","category-281","category-cantabria","category-clasicos","category-hoznayo","category-rallyes"],"_links":{"self":[{"href":"https:\/\/www.mfoto.es\/noticias\/index.php?rest_route=\/wp\/v2\/posts\/4589","targetHints":{"allow":["GET"]}}],"collection":[{"href":"https:\/\/www.mfoto.es\/noticias\/index.php?rest_route=\/wp\/v2\/posts"}],"about":[{"href":"https:\/\/www.mfoto.es\/noticias\/index.php?rest_route=\/wp\/v2\/types\/post"}],"author":[{"embeddable":true,"href":"https:\/\/www.mfoto.es\/noticias\/index.php?rest_route=\/wp\/v2\/users\/1"}],"replies":[{"embeddable":true,"href":"https:\/\/www.mfoto.es\/noticias\/index.php?rest_route=%2Fwp%2Fv2%2Fcomments&post=4589"}],"version-history":[{"count":2,"href":"https:\/\/www.mfoto.es\/noticias\/index.php?rest_route=\/wp\/v2\/posts\/4589\/revisions"}],"predecessor-version":[{"id":4592,"href":"https:\/\/www.mfoto.es\/noticias\/index.php?rest_route=\/wp\/v2\/posts\/4589\/revisions\/4592"}],"wp:attachment":[{"href":"https:\/\/www.mfoto.es\/noticias\/index.php?rest_route=%2Fwp%2Fv2%2Fmedia&parent=4589"}],"wp:term":[{"taxonomy":"category","embeddable":true,"href":"https:\/\/www.mfoto.es\/noticias\/index.php?rest_route=%2Fwp%2Fv2%2Fcategories&post=4589"},{"taxonomy":"post_tag","embeddable":true,"href":"https:\/\/www.mfoto.es\/noticias\/index.php?rest_route=%2Fwp%2Fv2%2Ftags&post=4589"}],"curies":[{"name":"wp","href":"https:\/\/api.w.org\/{rel}","templated":true}]}}