{"id":4552,"date":"2024-03-12T12:12:25","date_gmt":"2024-03-12T11:12:25","guid":{"rendered":"https:\/\/www.mfoto.es\/noticias\/?p=4552"},"modified":"2024-03-12T17:51:30","modified_gmt":"2024-03-12T16:51:30","slug":"cohete-empieza-la-temporada-ganando-en-lorca","status":"publish","type":"post","link":"https:\/\/www.mfoto.es\/noticias\/?p=4552","title":{"rendered":"\u00abCohete\u00bb empieza la temporada ganando en Lorca"},"content":{"rendered":"\n<p><img loading=\"lazy\" decoding=\"async\" class=\"alignleft\" src=\"http:\/\/www.mfoto.es\/logos\/foto.gif\" alt=\"\" width=\"50\" height=\"36\"><\/p>\n<p><strong><a href=\"https:\/\/www.mfoto.es\/fotos\/2024\/01_lorca\/\">FOTOS RALLYE TIERRAS ALTAS DE LORCA<\/a><\/strong><\/p>\n\n<div id=\"attachment_4553\" style=\"width: 460px\" class=\"wp-caption aligncenter\"><img loading=\"lazy\" decoding=\"async\" aria-describedby=\"caption-attachment-4553\" class=\"wp-image-4553 size-full\" src=\"https:\/\/www.mfoto.es\/noticias\/wp-content\/uploads_2012\/359_cohete_lorca.jpg\" alt=\"\" width=\"450\" height=\"300\" srcset=\"https:\/\/www.mfoto.es\/noticias\/wp-content\/uploads_2012\/359_cohete_lorca.jpg 450w, https:\/\/www.mfoto.es\/noticias\/wp-content\/uploads_2012\/359_cohete_lorca-300x200.jpg 300w\" sizes=\"auto, (max-width: 450px) 100vw, 450px\" \/><p id=\"caption-attachment-4553\" class=\"wp-caption-text\">\u00abCohete\u00bb Su\u00e1rez y Alberto Iglesias empiezan el a\u00f1o ganando en Lorca<\/p><\/div>\n\n\n\n<p>El rallye Tierras Altas de Lorca abr\u00eda la temporada 2024, siendo puntuable para el S\u00faper Campeonato y para la Copa de Espa\u00f1a de Rallyes de tierra, con 82 equipos inscritos.<\/p>\n\n\n\n<p>La victoria final era para Jose Antonio Su\u00e1rez \u00abCohete\u00bb y Alberto Iglesias con el Skoda Fabia RS Rally2, encabezando un podium completamente asturiano. La segunda plaza, a 23 segundos, era para Alejandro Cach\u00f3n y Borja Rozada que debutaban con el Toyota Yaris Rally2 y la tercera para Diego Ruiloba y Angel Vela con el Citro\u00ebn C3 Rally2 a 49 segundos.<\/p>\n\n\n\n<p>La prueba empezaba con Pepe L\u00f3pez liderando hasta el cuarto tramo, donde apareci\u00f3 la lluvia y benefici\u00f3 a \u00abCohete\u00bb Su\u00e1rez, que se pon\u00eda primero en la clasificaci\u00f3n y manten\u00eda la posici\u00f3n hasta el final. Pepe L\u00f3pez se sal\u00eda y abandonaba m\u00e1s tarde en el s\u00e9ptimo tramo, tratando de contener a Cach\u00f3n y mantener la segunda plaza.<\/p>\n\n\n\n<p>En las dem\u00e1s categor\u00edas, Alex Espa\u00f1ol y Lorena Romero con un Peugeot 208 Rally4, se impon\u00edan en 2 Ruedas Motrices y en la Beca RTS Junior, Aritz Iriondo y Joseba S\u00e1nchez lideraban la clasificaci\u00f3n del Clio Trophy Spain de Tierra, David de la Osa y Patricia Grande encabezaban la Copa Kobe con el Toyota Aygo, Manuel Jes\u00fas Jim\u00e9nez e Ignacio Paz con un Renault Clio Rally4 ganaban el Desaf\u00edo Kumho de Tierra y Ares Lahoz con un Renault Clio Rally5 se llevaba la categor\u00eda femenina.<\/p>\n\n\n\n<p>La siguiente cita del S-CER ser\u00e1 el Rallye Sierra Morena en C\u00f3rdoba, los d\u00edas 5 y 6 de Abril, y en el caso del CERT la siguiente prueba ser\u00e1 el Rallye Reino de Le\u00f3n, los d\u00edas 17 y 18 de Mayo.<\/p>\n\n\n\n<div style=\"height:20px\" aria-hidden=\"true\" class=\"wp-block-spacer\"><\/div>\n\n\n\n<hr class=\"wp-block-separator has-alpha-channel-opacity\"\/>\n\n\n\n<p><strong>Clasificaci\u00f3n XIII Rallye Tierras Altas de Lorca 2024<\/strong><br>1\u00ba Su\u00e1rez-Iglesias (Skoda Fabia RS Rally2) 52:59.3<br>2\u00ba Cach\u00f3n-Rozada (Toyota GR Yaris Rally2) +23.0<br>3\u00ba Ruiloba-Vela (Citro\u00ebn C3 Rally2) +49.0<br>4\u00ba Greensmith-Andersson (Skoda Fabia RS Rally2) +51.9<br>5\u00ba Llarena-Fern\u00e1ndez (Skoda Fabia Rally2 Evo) +1:17.8<\/p>\n\n\n\n<hr class=\"wp-block-separator has-alpha-channel-opacity\"\/>\n","protected":false},"excerpt":{"rendered":"<p>FOTOS RALLYE TIERRAS ALTAS DE LORCA El rallye Tierras Altas de Lorca abr\u00eda la temporada 2024, siendo puntuable para el S\u00faper Campeonato y para la Copa de Espa\u00f1a de Rallyes de tierra, con 82 equipos inscritos. La victoria final era para Jose Antonio Su\u00e1rez \u00abCohete\u00bb y Alberto Iglesias con el Skoda Fabia RS Rally2, encabezando [&hellip;]<\/p>\n","protected":false},"author":1,"featured_media":0,"comment_status":"closed","ping_status":"closed","sticky":false,"template":"","format":"standard","meta":{"footnotes":""},"categories":[281,245,238,145,282,163,162,209,191,5,4,271,115,210,19],"tags":[],"class_list":["post-4552","post","type-post","status-publish","format-standard","hentry","category-281","category-beca_junior_rts","category-cachon","category-cert","category-greensmith","category-llarena","category-lopez","category-lorca","category-murcia","category-nacional","category-rallyes","category-ruiloba","category-suarez","category-supercer","category-tierra"],"_links":{"self":[{"href":"https:\/\/www.mfoto.es\/noticias\/index.php?rest_route=\/wp\/v2\/posts\/4552","targetHints":{"allow":["GET"]}}],"collection":[{"href":"https:\/\/www.mfoto.es\/noticias\/index.php?rest_route=\/wp\/v2\/posts"}],"about":[{"href":"https:\/\/www.mfoto.es\/noticias\/index.php?rest_route=\/wp\/v2\/types\/post"}],"author":[{"embeddable":true,"href":"https:\/\/www.mfoto.es\/noticias\/index.php?rest_route=\/wp\/v2\/users\/1"}],"replies":[{"embeddable":true,"href":"https:\/\/www.mfoto.es\/noticias\/index.php?rest_route=%2Fwp%2Fv2%2Fcomments&post=4552"}],"version-history":[{"count":3,"href":"https:\/\/www.mfoto.es\/noticias\/index.php?rest_route=\/wp\/v2\/posts\/4552\/revisions"}],"predecessor-version":[{"id":4556,"href":"https:\/\/www.mfoto.es\/noticias\/index.php?rest_route=\/wp\/v2\/posts\/4552\/revisions\/4556"}],"wp:attachment":[{"href":"https:\/\/www.mfoto.es\/noticias\/index.php?rest_route=%2Fwp%2Fv2%2Fmedia&parent=4552"}],"wp:term":[{"taxonomy":"category","embeddable":true,"href":"https:\/\/www.mfoto.es\/noticias\/index.php?rest_route=%2Fwp%2Fv2%2Fcategories&post=4552"},{"taxonomy":"post_tag","embeddable":true,"href":"https:\/\/www.mfoto.es\/noticias\/index.php?rest_route=%2Fwp%2Fv2%2Ftags&post=4552"}],"curies":[{"name":"wp","href":"https:\/\/api.w.org\/{rel}","templated":true}]}}