{"id":451,"date":"2010-08-23T11:00:51","date_gmt":"2010-08-23T10:00:51","guid":{"rendered":"http:\/\/www.mfoto.es\/2011\/?p=451"},"modified":"2010-08-23T11:00:51","modified_gmt":"2010-08-23T10:00:51","slug":"segunda-plaza-en-s1600-de-gorka-antxustegi-en-el-rallye-de-ferrol","status":"publish","type":"post","link":"https:\/\/www.mfoto.es\/noticias\/?p=451","title":{"rendered":"Segundo puesto en S1600 de Gorka Antxustegi en el Rallye de Ferrol"},"content":{"rendered":"<p><a href=\"https:\/\/www.mfoto.es\/noticias\/wp-content\/uploads_2012\/053_matador_reocin-1.jpg\"><\/a><img loading=\"lazy\" decoding=\"async\" class=\"alignleft\" src=\"https:\/\/www.mfoto.es\/logos\/foto.gif\" alt=\"\" width=\"50\" height=\"36\" \/><\/p>\n<p><a href=\"https:\/\/www.mfoto.es\/fotos\/2010\/37_ferrol\/index.html\">VER FOTOS DEL RALLYE DE FERROL<\/a><\/p>\n<p><a href=\"https:\/\/www.mfoto.es\/noticias\/wp-content\/uploads_2012\/055_antxustegi_ferrol.jpg\"><img loading=\"lazy\" decoding=\"async\" class=\"alignnone size-full wp-image-452\" title=\"055_antxustegi_ferrol\" src=\"https:\/\/www.mfoto.es\/noticias\/wp-content\/uploads_2012\/055_antxustegi_ferrol.jpg\" alt=\"\" width=\"450\" height=\"300\" srcset=\"https:\/\/www.mfoto.es\/noticias\/wp-content\/uploads_2012\/055_antxustegi_ferrol.jpg 450w, https:\/\/www.mfoto.es\/noticias\/wp-content\/uploads_2012\/055_antxustegi_ferrol-300x200.jpg 300w\" sizes=\"auto, (max-width: 450px) 100vw, 450px\" \/><\/a><\/p>\n<p>El piloto bizkaino Gorka Antxustegi, con el Suzuki Swift S1600 del equipo Suzuki Ib\u00e9rica, termin\u00f3 en el Rallye de Ferrol en segunda posici\u00f3n de la categor\u00eda S1600, y en octava posici\u00f3n de la clasificaci\u00f3n general, tras su compa\u00f1ero de equipo, el andorrano Joan Vinyes.<\/p>\n<p>Las gipuzkoanas Angela Vilari\u00f1o y Ainhoa Sarasua, con un Suzuki Swift Gr.A del equipo Suzuki Ib\u00e9rica, terminaron en la trig\u00e9simo quinta posici\u00f3n, tras un rallye discreto.<\/p>\n<p>CLASIFICACI\u00d3N:<\/p>\n<p>1\u00ba Hevia-Iglesias (Skoda Fabia S2000) 1:47:27.2<br \/>\n2\u00ba Burgo-Burgo (Ford Fiesta S2000) a 29.2<br \/>\n3\u00ba Senra Vazquez (Mitsubishi Evo X) a 1:59.8<br \/>\n4\u00ba Fuster-Avi\u00f1o (Mitsubishi Evo X) a 2:49.3<br \/>\n5\u00ba P\u00e9rez-Velasco (Peugeot 207 S2000) a 4:50.2<br \/>\n6\u00ba Su\u00e1rez-Carrera (Mitsubishi Evo X) a 4:54.0<br \/>\n7\u00ba Vinyes-Mercader (Suzuki Swift S1600) a 6:16.6<br \/>\n8\u00ba Antxustegi-Suarez (Suzuki Swift S1600) a 9:25.4<\/p>\n","protected":false},"excerpt":{"rendered":"<p>VER FOTOS DEL RALLYE DE FERROL El piloto bizkaino Gorka Antxustegi, con el Suzuki Swift S1600 del equipo Suzuki Ib\u00e9rica, termin\u00f3 en el Rallye de Ferrol en segunda posici\u00f3n de la categor\u00eda S1600, y en octava posici\u00f3n de la clasificaci\u00f3n general, tras su compa\u00f1ero de equipo, el andorrano Joan Vinyes. Las gipuzkoanas Angela Vilari\u00f1o y [&hellip;]<\/p>\n","protected":false},"author":1,"featured_media":0,"comment_status":"closed","ping_status":"closed","sticky":false,"template":"","format":"standard","meta":{"footnotes":""},"categories":[51,64,5,4,169],"tags":[],"class_list":["post-451","post","type-post","status-publish","format-standard","hentry","category-antxustegi","category-galicia","category-nacional","category-rallyes","category-vilarino"],"_links":{"self":[{"href":"https:\/\/www.mfoto.es\/noticias\/index.php?rest_route=\/wp\/v2\/posts\/451","targetHints":{"allow":["GET"]}}],"collection":[{"href":"https:\/\/www.mfoto.es\/noticias\/index.php?rest_route=\/wp\/v2\/posts"}],"about":[{"href":"https:\/\/www.mfoto.es\/noticias\/index.php?rest_route=\/wp\/v2\/types\/post"}],"author":[{"embeddable":true,"href":"https:\/\/www.mfoto.es\/noticias\/index.php?rest_route=\/wp\/v2\/users\/1"}],"replies":[{"embeddable":true,"href":"https:\/\/www.mfoto.es\/noticias\/index.php?rest_route=%2Fwp%2Fv2%2Fcomments&post=451"}],"version-history":[{"count":0,"href":"https:\/\/www.mfoto.es\/noticias\/index.php?rest_route=\/wp\/v2\/posts\/451\/revisions"}],"wp:attachment":[{"href":"https:\/\/www.mfoto.es\/noticias\/index.php?rest_route=%2Fwp%2Fv2%2Fmedia&parent=451"}],"wp:term":[{"taxonomy":"category","embeddable":true,"href":"https:\/\/www.mfoto.es\/noticias\/index.php?rest_route=%2Fwp%2Fv2%2Fcategories&post=451"},{"taxonomy":"post_tag","embeddable":true,"href":"https:\/\/www.mfoto.es\/noticias\/index.php?rest_route=%2Fwp%2Fv2%2Ftags&post=451"}],"curies":[{"name":"wp","href":"https:\/\/api.w.org\/{rel}","templated":true}]}}