{"id":4505,"date":"2023-10-11T00:29:01","date_gmt":"2023-10-10T23:29:01","guid":{"rendered":"https:\/\/www.mfoto.es\/noticias\/?p=4505"},"modified":"2023-10-11T00:29:01","modified_gmt":"2023-10-10T23:29:01","slug":"dominio-total-de-pepe-lopez-en-madrid","status":"publish","type":"post","link":"https:\/\/www.mfoto.es\/noticias\/?p=4505","title":{"rendered":"Dominio total de Pepe L\u00f3pez en Madrid"},"content":{"rendered":"\n<p><img loading=\"lazy\" decoding=\"async\" class=\"alignleft\" src=\"http:\/\/www.mfoto.es\/logos\/foto.gif\" alt=\"\" width=\"50\" height=\"36\"><\/p>\n<p><strong><a href=\"https:\/\/www.mfoto.es\/fotos\/2023\/10_tierra_madrid\/\">FOTOS RALLYE TIERRA DE MADRID<\/a><\/strong><\/p>\n\n<div id=\"attachment_4506\" style=\"width: 460px\" class=\"wp-caption alignnone\"><img loading=\"lazy\" decoding=\"async\" aria-describedby=\"caption-attachment-4506\" class=\"wp-image-4506 size-full\" src=\"https:\/\/www.mfoto.es\/noticias\/wpcontent\/uploads_2012\/351_lopez_madrid.jpg\" alt=\"\" width=\"450\" height=\"300\" srcset=\"https:\/\/www.mfoto.es\/noticias\/wp-content\/uploads_2012\/351_lopez_madrid.jpg 450w, https:\/\/www.mfoto.es\/noticias\/wp-content\/uploads_2012\/351_lopez_madrid-300x200.jpg 300w\" sizes=\"auto, (max-width: 450px) 100vw, 450px\" \/><p id=\"caption-attachment-4506\" class=\"wp-caption-text\">Pepe L\u00f3pez y Borja Rozada se imponen en la Tierra de Madrid<\/p><\/div>\n\n\n\n<p>Pepe L\u00f3pez y Borja Rozada retornaban a la Copa de Espa\u00f1a de Rallyes de Tierra encuadrados en el equipo Terra Training Motorsport, con un Hyundai i20N Rally2. Han conseguido la victoria en el Rallye Tierra de Madrid sin dar opci\u00f3n a nadie y ganando todos los tramos menos uno.<\/p>\n\n\n\n<p>La segunda plaza ha estado muy disputada entre Jos\u00e9 Luis Pel\u00e1ez y Rodrigo Sanju\u00e1n y Alex Villanueva y Jos\u00e9 Murado, ambos equipos con Skoda Fabia Rally2, terminando segundo Pel\u00e1ez a 1:24.9 y tercero Villanueva a 1:42.7.<\/p>\n\n\n\n<p>Por detr\u00e1s Xavi Vidales y Jordi Hereu acabaron en cuarta posici\u00f3n a 2:07.3 y se ponen l\u00edderes de la CERT.<\/p>\n\n\n\n<p>Destacar los abandonos por aver\u00eda de Oriol G\u00f3mez y Andr\u00e9s Blanco con VW Polo R5 y Joan Vinyes y Jordi Mercader, con Hyundai i20 Rally2, cuando rodaban en cuarta y sexta posici\u00f3n.<\/p>\n\n\n\n<p>En el resto de categor\u00edas, Gil Membrado y Manel Mu\u00f1oz con un Ford Fiesta Rally4 ganaban la clasificaci\u00f3n Junior y la de Dos Ruedas Motrices, Aritz Iriondo y Joseba S\u00e1nchez con un Renault Clio Rally5, encabezaban la Clio Trophy Spain de Tierra y David de la Osa y Jaime Mario G\u00f3mez, lideraban la Copa Kobe con el Toyota Aygo.<\/p>\n\n\n\n<p>La pr\u00f3xima prueba de la Copa de Espa\u00f1a de Rallyes de Tierra ser\u00e1 el Rallye de Granada, los d\u00edas 27 y 28 de Octubre.<\/p>\n\n\n\n<div style=\"height:20px\" aria-hidden=\"true\" class=\"wp-block-spacer\"><\/div>\n\n\n\n<hr class=\"wp-block-separator has-alpha-channel-opacity\"\/>\n\n\n\n<p><strong>Clasificaci\u00f3n Rallye Tierra de Madrid 2023:<\/strong><br>1\u00ba L\u00f3pez-Rozada (Hyundai i20 N Rally2) 56:54.9<br>2\u00ba Pel\u00e1ez-Sanju\u00e1n (\u0160koda Fabia Rally2 Evo) +1:24.9<br>3\u00ba Villanueva-Murado (\u0160koda Fabia RS Rally2) +1:42.7<br>4\u00ba Vidales-Hereu (\u0160koda Fabia R5) +2:07.3<br>5\u00ba Marb\u00e1n-Ferrero (\u0160koda Fabia R5) +2:15.5<\/p>\n\n\n\n<hr class=\"wp-block-separator has-alpha-channel-opacity\"\/>\n","protected":false},"excerpt":{"rendered":"<p>FOTOS RALLYE TIERRA DE MADRID Pepe L\u00f3pez y Borja Rozada retornaban a la Copa de Espa\u00f1a de Rallyes de Tierra encuadrados en el equipo Terra Training Motorsport, con un Hyundai i20N Rally2. Han conseguido la victoria en el Rallye Tierra de Madrid sin dar opci\u00f3n a nadie y ganando todos los tramos menos uno. La [&hellip;]<\/p>\n","protected":false},"author":1,"featured_media":0,"comment_status":"closed","ping_status":"closed","sticky":false,"template":"","format":"standard","meta":{"footnotes":""},"categories":[273,145,181,162,34,152,5,188,4,19,278,138],"tags":[],"class_list":["post-4505","post","type-post","status-publish","format-standard","hentry","category-273","category-cert","category-iriondo","category-lopez","category-madrid","category-marban","category-nacional","category-pelaez","category-rallyes","category-tierra","category-vidales","category-villanueva"],"_links":{"self":[{"href":"https:\/\/www.mfoto.es\/noticias\/index.php?rest_route=\/wp\/v2\/posts\/4505","targetHints":{"allow":["GET"]}}],"collection":[{"href":"https:\/\/www.mfoto.es\/noticias\/index.php?rest_route=\/wp\/v2\/posts"}],"about":[{"href":"https:\/\/www.mfoto.es\/noticias\/index.php?rest_route=\/wp\/v2\/types\/post"}],"author":[{"embeddable":true,"href":"https:\/\/www.mfoto.es\/noticias\/index.php?rest_route=\/wp\/v2\/users\/1"}],"replies":[{"embeddable":true,"href":"https:\/\/www.mfoto.es\/noticias\/index.php?rest_route=%2Fwp%2Fv2%2Fcomments&post=4505"}],"version-history":[{"count":2,"href":"https:\/\/www.mfoto.es\/noticias\/index.php?rest_route=\/wp\/v2\/posts\/4505\/revisions"}],"predecessor-version":[{"id":4508,"href":"https:\/\/www.mfoto.es\/noticias\/index.php?rest_route=\/wp\/v2\/posts\/4505\/revisions\/4508"}],"wp:attachment":[{"href":"https:\/\/www.mfoto.es\/noticias\/index.php?rest_route=%2Fwp%2Fv2%2Fmedia&parent=4505"}],"wp:term":[{"taxonomy":"category","embeddable":true,"href":"https:\/\/www.mfoto.es\/noticias\/index.php?rest_route=%2Fwp%2Fv2%2Fcategories&post=4505"},{"taxonomy":"post_tag","embeddable":true,"href":"https:\/\/www.mfoto.es\/noticias\/index.php?rest_route=%2Fwp%2Fv2%2Ftags&post=4505"}],"curies":[{"name":"wp","href":"https:\/\/api.w.org\/{rel}","templated":true}]}}