{"id":4487,"date":"2023-09-12T00:08:00","date_gmt":"2023-09-11T23:08:00","guid":{"rendered":"https:\/\/www.mfoto.es\/noticias\/?p=4487"},"modified":"2023-09-13T00:09:19","modified_gmt":"2023-09-12T23:09:19","slug":"cohete-sin-rivales-en-el-rally-princesa-de-asturias","status":"publish","type":"post","link":"https:\/\/www.mfoto.es\/noticias\/?p=4487","title":{"rendered":"\u00abCohete\u00bb sin rivales en el Rally Princesa de Asturias"},"content":{"rendered":"\n<p><img loading=\"lazy\" decoding=\"async\" class=\"alignleft\" src=\"http:\/\/www.mfoto.es\/logos\/foto.gif\" alt=\"\" width=\"50\" height=\"36\"><\/p>\n<p><strong><a href=\"https:\/\/www.mfoto.es\/fotos\/2023\/07_princesa\/\">FOTOS RALLY PRINCESA DE ASTURIAS<\/a><\/strong><\/p>\n\n<div id=\"attachment_4488\" style=\"width: 460px\" class=\"wp-caption alignnone\"><img loading=\"lazy\" decoding=\"async\" aria-describedby=\"caption-attachment-4488\" class=\"wp-image-4488 size-full\" src=\"https:\/\/www.mfoto.es\/noticias\/wpcontent\/uploads_2012\/348_cohete_princesa.jpg\" alt=\"\" width=\"450\" height=\"300\" srcset=\"https:\/\/www.mfoto.es\/noticias\/wp-content\/uploads_2012\/348_cohete_princesa.jpg 450w, https:\/\/www.mfoto.es\/noticias\/wp-content\/uploads_2012\/348_cohete_princesa-300x200.jpg 300w\" sizes=\"auto, (max-width: 450px) 100vw, 450px\" \/><p id=\"caption-attachment-4488\" class=\"wp-caption-text\">Dominio de \u00abCohete\u00bb en el Rally Princesa de Asturias<\/p><\/div>\n\n\n\n<p>La 60 edici\u00f3n del Rally Princesa de Asturias tra\u00eda como novedad una etapa de tierra el viernes y otra de asfalto el s\u00e1bado. La etapa de tierra puntuaba para la Copa de Espa\u00f1a de Rallyes de Tierra.<\/p>\n\n\n\n<p>Desde el principio Jose Antonio Su\u00e1rez \u00abCohete\u00bb y Alberto Iglesias tomaban ventaja con el Skoda Fabia RS y varios de sus rivales abandonaban, Jan Solans y Javier Pardo por sendas salidas de pista.<\/p>\n\n\n\n<p>La segunda plaza final fue para Diego Ruiloba y Angel Vela con el Citro\u00ebn C3 Rally2 a 1:03.4 y la tercera para Iv\u00e1n Ares y Jos\u00e9 Pintor con el Hyundai i20N a 1:45.8.<\/p>\n\n\n\n<p>En las copas de promoci\u00f3n, Sergi Francol\u00ed y Xevi Moreno se impon\u00edan en la Toyota Gazoo Racing Iberian Cup y eran sextos en la general, Sergi P\u00e9rez y Lorena Romero ganaban la Peugeot Rally Cup Ib\u00e9rica, la Beca J\u00fanior RTS y el Trofeo S-CER 2RM, Ram\u00f3n Cornet y Daniel Noguer se adjudicaban el Renault Clio Trophy Spain de tierra, Fran Cima y Anna Tallada lideraban el Renault Clio Trophy Spain de asfalto y Oliver Mart\u00edn y Rub\u00e9n Gonz\u00e1lez se impon\u00edan en la Dacia Sandero Cup.<\/p>\n\n\n\n<p>La pr\u00f3xima prueba del Supercampeonato de Espa\u00f1a de Rallyes ser\u00e1 el Rallye de Llanes del 21 al 23 de Septiembre y en el caso de la Copa de Espa\u00f1a de Rallyes de Tierra, la cita ser\u00e1 en Madrid del 6 al 7 de Octubre.<\/p>\n\n\n\n<div style=\"height:20px\" aria-hidden=\"true\" class=\"wp-block-spacer\"><\/div>\n\n\n\n<hr class=\"wp-block-separator has-alpha-channel-opacity\"\/>\n\n\n\n<p><strong>Clasificaci\u00f3n Final SCER:<\/strong><br>1\u00ba Su\u00e1rez-Iglesias (Skoda Fabia RS Rally2) 1:58:09.8<br>2\u00ba Ruiloba-Vela (Citro\u00ebn C3 Rally2) +1:03.4<br>3\u00ba Ares-Pintor (Hyundai i20N Rally2) +1:45.8<br>4\u00ba Palomo-Der Ohannesian (Hyundai i20N Rally2) +3:06.0<br>5\u00ba Alonso-S\u00e1nchez (Citro\u00ebn C3 Rally2) +8:20.1<\/p>\n\n\n\n<p><strong>Clasificaci\u00f3n Final CERT:<\/strong><br>1\u00ba Su\u00e1rez-Iglesias (Skoda Fabia RS Rally2) 1:01:31.0<br>2\u00ba Ruiloba-Vela (Citro\u00ebn C3 Rally2) +34.6<br>3\u00ba Palomo-Der Ohannesian (Hyundai i20N Rally2) +1:16.2<br>4\u00ba Ares-Pintor (Hyundai i20N Rally2) +1:17.8<br>5\u00ba Alonso-S\u00e1nchez (Citro\u00ebn C3 Rally2) +4:00.2<\/p>\n\n\n\n<hr class=\"wp-block-separator has-alpha-channel-opacity\"\/>\n","protected":false},"excerpt":{"rendered":"<p>FOTOS RALLY PRINCESA DE ASTURIAS La 60 edici\u00f3n del Rally Princesa de Asturias tra\u00eda como novedad una etapa de tierra el viernes y otra de asfalto el s\u00e1bado. La etapa de tierra puntuaba para la Copa de Espa\u00f1a de Rallyes de Tierra. Desde el principio Jose Antonio Su\u00e1rez \u00abCohete\u00bb y Alberto Iglesias tomaban ventaja con [&hellip;]<\/p>\n","protected":false},"author":1,"featured_media":0,"comment_status":"closed","ping_status":"closed","sticky":false,"template":"","format":"standard","meta":{"footnotes":""},"categories":[273,141,15,245,145,158,277,234,5,248,187,148,197,4,271,123,115,210,275],"tags":[],"class_list":["post-4487","post","type-post","status-publish","format-standard","hentry","category-273","category-ares","category-asturias","category-beca_junior_rts","category-cert","category-cima","category-cornet","category-francoli","category-nacional","category-palomo","category-pardo","category-perez","category-peugeot-rally-cup-iberica","category-rallyes","category-ruiloba","category-solans","category-suarez","category-supercer","category-tgr-iberian-cup"],"_links":{"self":[{"href":"https:\/\/www.mfoto.es\/noticias\/index.php?rest_route=\/wp\/v2\/posts\/4487","targetHints":{"allow":["GET"]}}],"collection":[{"href":"https:\/\/www.mfoto.es\/noticias\/index.php?rest_route=\/wp\/v2\/posts"}],"about":[{"href":"https:\/\/www.mfoto.es\/noticias\/index.php?rest_route=\/wp\/v2\/types\/post"}],"author":[{"embeddable":true,"href":"https:\/\/www.mfoto.es\/noticias\/index.php?rest_route=\/wp\/v2\/users\/1"}],"replies":[{"embeddable":true,"href":"https:\/\/www.mfoto.es\/noticias\/index.php?rest_route=%2Fwp%2Fv2%2Fcomments&post=4487"}],"version-history":[{"count":2,"href":"https:\/\/www.mfoto.es\/noticias\/index.php?rest_route=\/wp\/v2\/posts\/4487\/revisions"}],"predecessor-version":[{"id":4490,"href":"https:\/\/www.mfoto.es\/noticias\/index.php?rest_route=\/wp\/v2\/posts\/4487\/revisions\/4490"}],"wp:attachment":[{"href":"https:\/\/www.mfoto.es\/noticias\/index.php?rest_route=%2Fwp%2Fv2%2Fmedia&parent=4487"}],"wp:term":[{"taxonomy":"category","embeddable":true,"href":"https:\/\/www.mfoto.es\/noticias\/index.php?rest_route=%2Fwp%2Fv2%2Fcategories&post=4487"},{"taxonomy":"post_tag","embeddable":true,"href":"https:\/\/www.mfoto.es\/noticias\/index.php?rest_route=%2Fwp%2Fv2%2Ftags&post=4487"}],"curies":[{"name":"wp","href":"https:\/\/api.w.org\/{rel}","templated":true}]}}