{"id":444,"date":"2010-08-23T13:00:16","date_gmt":"2010-08-23T12:00:16","guid":{"rendered":"http:\/\/www.mfoto.es\/2011\/?p=444"},"modified":"2010-08-23T13:00:16","modified_gmt":"2010-08-23T12:00:16","slug":"victoria-de-alberto-hevia-en-el-rallye-de-ferrol","status":"publish","type":"post","link":"https:\/\/www.mfoto.es\/noticias\/?p=444","title":{"rendered":"Victoria de Alberto Hevia en el Rallye de Ferrol"},"content":{"rendered":"<p><a href=\"https:\/\/www.mfoto.es\/noticias\/wp-content\/uploads_2012\/053_matador_reocin-1.jpg\"><\/a><img loading=\"lazy\" decoding=\"async\" class=\"alignleft\" src=\"https:\/\/www.mfoto.es\/logos\/foto.gif\" alt=\"\" width=\"50\" height=\"36\" \/><\/p>\n<p><a href=\"https:\/\/www.mfoto.es\/fotos\/2010\/37_ferrol\/index.html\">VER FOTOS DEL RALLYE DE FERROL<\/a><\/p>\n<p><img loading=\"lazy\" decoding=\"async\" class=\"alignnone size-full wp-image-445\" title=\"057_hevia_ferrol\" src=\"https:\/\/www.mfoto.es\/noticias\/wp-content\/uploads_2012\/057_hevia_ferrol.jpg\" alt=\"\" width=\"450\" height=\"300\" srcset=\"https:\/\/www.mfoto.es\/noticias\/wp-content\/uploads_2012\/057_hevia_ferrol.jpg 450w, https:\/\/www.mfoto.es\/noticias\/wp-content\/uploads_2012\/057_hevia_ferrol-300x200.jpg 300w\" sizes=\"auto, (max-width: 450px) 100vw, 450px\" \/><\/p>\n<p>Al final se llev\u00f3 la victoria Alberto Hevia con el Skoda Fabia S2000, tras luchar durante toda la prueba con Pedro Burgo y el Ford Fiesta S2000 con el que termin\u00f3 en segunda posici\u00f3n a 29.2 segundos. La tercera plaza del podium fue para V\u00edctor Senra con un Mitsubishi EVO X.<\/p>\n<p>La categor\u00eda de dos ruedas motrices era dominada por el andorrano Joan Vinyes, seguido de\u00a0Gorka Antxustegi, ambos con los Suzuki Swift S1600.<\/p>\n<p>El piloto local Matias Souto con un Renault Clio R3 se impon\u00eda en el Trofeo de Espa\u00f1a J\u00fanior y en el Trofeo Renault Clio R3.<\/p>\n<p>El trofeo Grupo N Producci\u00f3n era para el madrile\u00f1o Rub\u00e9n Gracia con un Mitsubishi EVO X.<\/p>\n<p>En la Mitsubishi EVO CUP el vencedor fue V\u00edctor Senra, seguido del asturiano Jos\u00e9 Antonio\u00a0Su\u00e1rez y del madrile\u00f1o Daniel Marb\u00e1n.<\/p>\n<p>Aitor Fern\u00e1ndez venc\u00eda en la Copa Suzuki Swift, el c\u00e1ntabro V\u00edctor P\u00e9rez era segundo y la\u00a0 tercera plaza era para el gallego Jorge P\u00e9rez.<\/p>\n<p>CLASIFICACI\u00d3N:<\/p>\n<p>1\u00ba Hevia-Iglesias (Skoda Fabia S2000) 1:47:27.2<br \/>\n2\u00ba Burgo-Burgo (Ford Fiesta S2000)\u00a0a 29.2<br \/>\n3\u00ba Senra Vazquez (Mitsubishi Evo X)\u00a0a 1:59.8<br \/>\n4\u00ba Fuster-Avi\u00f1o (Mitsubishi Evo X)\u00a0a 2:49.3<br \/>\n5\u00ba P\u00e9rez-Velasco (Peugeot 207 S2000)\u00a0a 4:50.2<br \/>\n6\u00ba Su\u00e1rez-Carrera (Mitsubishi Evo X)\u00a0a 4:54.0<br \/>\n7\u00ba Vinyes-Mercader (Suzuki Swift S1600)\u00a0a 6:16.6<br \/>\n8\u00ba Antxustegi-Suarez (Suzuki Swift S1600)\u00a0a 9:25.4<br \/>\n9\u00ba Mu\u00f1iz-Blanco (Citroen C2 R2)\u00a0a 9:43.5<br \/>\n10\u00ba Pa\u00eds-Pa\u00eds (Mitsubishi Evo Ix)\u00a0a 10:05.9<\/p>\n","protected":false},"excerpt":{"rendered":"<p>VER FOTOS DEL RALLYE DE FERROL Al final se llev\u00f3 la victoria Alberto Hevia con el Skoda Fabia S2000, tras luchar durante toda la prueba con Pedro Burgo y el Ford Fiesta S2000 con el que termin\u00f3 en segunda posici\u00f3n a 29.2 segundos. La tercera plaza del podium fue para V\u00edctor Senra con un Mitsubishi [&hellip;]<\/p>\n","protected":false},"author":1,"featured_media":0,"comment_status":"closed","ping_status":"closed","sticky":false,"template":"","format":"standard","meta":{"footnotes":""},"categories":[51,64,5,4],"tags":[],"class_list":["post-444","post","type-post","status-publish","format-standard","hentry","category-antxustegi","category-galicia","category-nacional","category-rallyes"],"_links":{"self":[{"href":"https:\/\/www.mfoto.es\/noticias\/index.php?rest_route=\/wp\/v2\/posts\/444","targetHints":{"allow":["GET"]}}],"collection":[{"href":"https:\/\/www.mfoto.es\/noticias\/index.php?rest_route=\/wp\/v2\/posts"}],"about":[{"href":"https:\/\/www.mfoto.es\/noticias\/index.php?rest_route=\/wp\/v2\/types\/post"}],"author":[{"embeddable":true,"href":"https:\/\/www.mfoto.es\/noticias\/index.php?rest_route=\/wp\/v2\/users\/1"}],"replies":[{"embeddable":true,"href":"https:\/\/www.mfoto.es\/noticias\/index.php?rest_route=%2Fwp%2Fv2%2Fcomments&post=444"}],"version-history":[{"count":0,"href":"https:\/\/www.mfoto.es\/noticias\/index.php?rest_route=\/wp\/v2\/posts\/444\/revisions"}],"wp:attachment":[{"href":"https:\/\/www.mfoto.es\/noticias\/index.php?rest_route=%2Fwp%2Fv2%2Fmedia&parent=444"}],"wp:term":[{"taxonomy":"category","embeddable":true,"href":"https:\/\/www.mfoto.es\/noticias\/index.php?rest_route=%2Fwp%2Fv2%2Fcategories&post=444"},{"taxonomy":"post_tag","embeddable":true,"href":"https:\/\/www.mfoto.es\/noticias\/index.php?rest_route=%2Fwp%2Fv2%2Ftags&post=444"}],"curies":[{"name":"wp","href":"https:\/\/api.w.org\/{rel}","templated":true}]}}