{"id":441,"date":"2010-08-20T18:51:17","date_gmt":"2010-08-20T17:51:17","guid":{"rendered":"http:\/\/www.mfoto.es\/2011\/?p=441"},"modified":"2010-08-20T18:51:17","modified_gmt":"2010-08-20T17:51:17","slug":"gorka-antxustegi-y-angela-vilarino-en-el-rallye-de-ferrol","status":"publish","type":"post","link":"https:\/\/www.mfoto.es\/noticias\/?p=441","title":{"rendered":"Gorka Antxustegi y \u00c1ngela Vilari\u00f1o en el Rallye de Ferrol"},"content":{"rendered":"<p><img loading=\"lazy\" decoding=\"async\" class=\"alignnone size-full wp-image-442\" title=\"054_gorka_angela_ferrol\" src=\"https:\/\/www.mfoto.es\/noticias\/wp-content\/uploads_2012\/054_gorka_angela_ferrol.jpg\" alt=\"\" width=\"450\" height=\"605\" srcset=\"https:\/\/www.mfoto.es\/noticias\/wp-content\/uploads_2012\/054_gorka_angela_ferrol.jpg 450w, https:\/\/www.mfoto.es\/noticias\/wp-content\/uploads_2012\/054_gorka_angela_ferrol-223x300.jpg 223w\" sizes=\"auto, (max-width: 450px) 100vw, 450px\" \/><\/p>\n<p style=\"text-align: justify;\">Dos equipos vascos estar\u00e1n en la salida del 41\u00ba Rallye de Ferrol, que se celebra este fin de semana en Galicia, en la provincia de A Coru\u00f1a y que ser\u00e1 la s\u00e9ptima prueba del Campeonato de Espa\u00f1a de Rallyes de Asfalto 2010.<\/p>\n<p style=\"text-align: justify;\">El bizkaino Gorka Antxustegi participar\u00e1 con su Suzuki Swift S1600 y la gipuzkoana \u00c1ngela Vilari\u00f1o con un Suzuki Swift Gr.A, ambos encuadrados en el equipo oficial Suzuki Ib\u00e9rica Motor Sport.<\/p>\n<p style=\"text-align: justify;\">La prueba tiene un recorrido total de 477 kil\u00f3metros y consta de 8 tramos de velocidad que suman un total de 164 kil\u00f3metros cronometrados y la llegada est\u00e1 prevista para las 14:22 horas del s\u00e1bado 21.<\/p>\n<p style=\"text-align: justify;\">\u00a0<\/p>\n","protected":false},"excerpt":{"rendered":"<p>Dos equipos vascos estar\u00e1n en la salida del 41\u00ba Rallye de Ferrol, que se celebra este fin de semana en Galicia, en la provincia de A Coru\u00f1a y que ser\u00e1 la s\u00e9ptima prueba del Campeonato de Espa\u00f1a de Rallyes de Asfalto 2010. El bizkaino Gorka Antxustegi participar\u00e1 con su Suzuki Swift S1600 y la gipuzkoana [&hellip;]<\/p>\n","protected":false},"author":1,"featured_media":0,"comment_status":"closed","ping_status":"closed","sticky":false,"template":"","format":"standard","meta":{"footnotes":""},"categories":[51,64,5,4,169],"tags":[],"class_list":["post-441","post","type-post","status-publish","format-standard","hentry","category-antxustegi","category-galicia","category-nacional","category-rallyes","category-vilarino"],"_links":{"self":[{"href":"https:\/\/www.mfoto.es\/noticias\/index.php?rest_route=\/wp\/v2\/posts\/441","targetHints":{"allow":["GET"]}}],"collection":[{"href":"https:\/\/www.mfoto.es\/noticias\/index.php?rest_route=\/wp\/v2\/posts"}],"about":[{"href":"https:\/\/www.mfoto.es\/noticias\/index.php?rest_route=\/wp\/v2\/types\/post"}],"author":[{"embeddable":true,"href":"https:\/\/www.mfoto.es\/noticias\/index.php?rest_route=\/wp\/v2\/users\/1"}],"replies":[{"embeddable":true,"href":"https:\/\/www.mfoto.es\/noticias\/index.php?rest_route=%2Fwp%2Fv2%2Fcomments&post=441"}],"version-history":[{"count":0,"href":"https:\/\/www.mfoto.es\/noticias\/index.php?rest_route=\/wp\/v2\/posts\/441\/revisions"}],"wp:attachment":[{"href":"https:\/\/www.mfoto.es\/noticias\/index.php?rest_route=%2Fwp%2Fv2%2Fmedia&parent=441"}],"wp:term":[{"taxonomy":"category","embeddable":true,"href":"https:\/\/www.mfoto.es\/noticias\/index.php?rest_route=%2Fwp%2Fv2%2Fcategories&post=441"},{"taxonomy":"post_tag","embeddable":true,"href":"https:\/\/www.mfoto.es\/noticias\/index.php?rest_route=%2Fwp%2Fv2%2Ftags&post=441"}],"curies":[{"name":"wp","href":"https:\/\/api.w.org\/{rel}","templated":true}]}}