{"id":4385,"date":"2023-02-28T11:11:49","date_gmt":"2023-02-28T10:11:49","guid":{"rendered":"https:\/\/www.mfoto.es\/noticias\/?p=4385"},"modified":"2023-03-02T11:16:09","modified_gmt":"2023-03-02T10:16:09","slug":"ricardo-gomez-gana-el-fullslip-historic-rallye-laredo","status":"publish","type":"post","link":"https:\/\/www.mfoto.es\/noticias\/?p=4385","title":{"rendered":"Ricardo G\u00f3mez gana el Fullslip Historic Rallye Laredo"},"content":{"rendered":"\n<p><img loading=\"lazy\" decoding=\"async\" class=\"alignleft\" src=\"http:\/\/www.mfoto.es\/logos\/foto.gif\" alt=\"\" width=\"50\" height=\"36\"><\/p>\n<p><strong><a href=\"https:\/\/www.mfoto.es\/fotos\/2023\/01_laredo\/\">FOTOS FULLSLIP HISTORIC RALLYE LAREDO<\/a><\/strong><\/p>\n\n<div id=\"attachment_4391\" style=\"width: 460px\" class=\"wp-caption alignnone\"><img loading=\"lazy\" decoding=\"async\" aria-describedby=\"caption-attachment-4391\" class=\"wp-image-4391 size-full\" src=\"https:\/\/www.mfoto.es\/noticias\/wpcontent\/uploads_2012\/339_gomez_laredo.jpg\" alt=\"\" width=\"450\" height=\"300\" srcset=\"https:\/\/www.mfoto.es\/noticias\/wp-content\/uploads_2012\/339_gomez_laredo.jpg 450w, https:\/\/www.mfoto.es\/noticias\/wp-content\/uploads_2012\/339_gomez_laredo-300x200.jpg 300w\" sizes=\"auto, (max-width: 450px) 100vw, 450px\" \/><p id=\"caption-attachment-4391\" class=\"wp-caption-text\">Ricardo y Mois\u00e9s G\u00f3mez se impon\u00edan en Laredo &#8211; Foto: Rodrigo Hidalgo<\/p><\/div>\n\n\n\n<p>Ricardo G\u00f3mez y Mois\u00e9s G\u00f3mez se impon\u00edan en el Fullslip Historic Rallye de Laredo con su Mitsubishi Lancer Evolution V, a 9.6 segundos se clasificaban Alejandro Ceballos y Jos\u00e9 Antonio Lanza con su Renault R5 GT Turbo y la tercera plaza era para \u00d3scar Corona y Katherine \u00c1lvarez, con Mitsubishi Lancer Evolution X a 33.8 segundos.<\/p>\n\n\n\n<p>La prueba abr\u00eda la temporada 2023 de Cantabria y se disput\u00f3 por los tramos m\u00edticos de la zona oriental, Hoyomenor, Limpias-Liendo, Llueva y Secadura.<\/p>\n\n\n\n<div style=\"height:20px\" aria-hidden=\"true\" class=\"wp-block-spacer\"><\/div>\n\n\n\n<hr class=\"wp-block-separator has-alpha-channel-opacity\"\/>\n\n\n\n<p><strong>Clasificaci\u00f3n I Fullslip Historic Rallye Laredo:<\/strong><br>1\u00ba G\u00f3mez-G\u00f3mez (Mitsubishi Evo V) 41:04.892<br>2\u00ba Ceballos-Lanza (Renault 5 GT Turbo) +9.661<br>3\u00ba Corona-Alvarez (Mitsubishi Evo X) +33.877<br>4\u00ba Vi\u00f1olas-Borrell (Skoda Fabia R5) +50.447<br>5\u00ba Gonz\u00e1lez-Odriozola (Ford Fiesta Rally4) +1:01.727<\/p>\n\n\n\n<hr class=\"wp-block-separator has-alpha-channel-opacity\"\/>\n","protected":false},"excerpt":{"rendered":"<p>FOTOS FULLSLIP HISTORIC RALLYE LAREDO Ricardo G\u00f3mez y Mois\u00e9s G\u00f3mez se impon\u00edan en el Fullslip Historic Rallye de Laredo con su Mitsubishi Lancer Evolution V, a 9.6 segundos se clasificaban Alejandro Ceballos y Jos\u00e9 Antonio Lanza con su Renault R5 GT Turbo y la tercera plaza era para \u00d3scar Corona y Katherine \u00c1lvarez, con Mitsubishi [&hellip;]<\/p>\n","protected":false},"author":1,"featured_media":0,"comment_status":"closed","ping_status":"closed","sticky":false,"template":"","format":"standard","meta":{"footnotes":""},"categories":[273,10,16,274,4],"tags":[],"class_list":["post-4385","post","type-post","status-publish","format-standard","hentry","category-273","category-cantabria","category-clasicos","category-legend","category-rallyes"],"_links":{"self":[{"href":"https:\/\/www.mfoto.es\/noticias\/index.php?rest_route=\/wp\/v2\/posts\/4385","targetHints":{"allow":["GET"]}}],"collection":[{"href":"https:\/\/www.mfoto.es\/noticias\/index.php?rest_route=\/wp\/v2\/posts"}],"about":[{"href":"https:\/\/www.mfoto.es\/noticias\/index.php?rest_route=\/wp\/v2\/types\/post"}],"author":[{"embeddable":true,"href":"https:\/\/www.mfoto.es\/noticias\/index.php?rest_route=\/wp\/v2\/users\/1"}],"replies":[{"embeddable":true,"href":"https:\/\/www.mfoto.es\/noticias\/index.php?rest_route=%2Fwp%2Fv2%2Fcomments&post=4385"}],"version-history":[{"count":11,"href":"https:\/\/www.mfoto.es\/noticias\/index.php?rest_route=\/wp\/v2\/posts\/4385\/revisions"}],"predecessor-version":[{"id":4400,"href":"https:\/\/www.mfoto.es\/noticias\/index.php?rest_route=\/wp\/v2\/posts\/4385\/revisions\/4400"}],"wp:attachment":[{"href":"https:\/\/www.mfoto.es\/noticias\/index.php?rest_route=%2Fwp%2Fv2%2Fmedia&parent=4385"}],"wp:term":[{"taxonomy":"category","embeddable":true,"href":"https:\/\/www.mfoto.es\/noticias\/index.php?rest_route=%2Fwp%2Fv2%2Fcategories&post=4385"},{"taxonomy":"post_tag","embeddable":true,"href":"https:\/\/www.mfoto.es\/noticias\/index.php?rest_route=%2Fwp%2Fv2%2Ftags&post=4385"}],"curies":[{"name":"wp","href":"https:\/\/api.w.org\/{rel}","templated":true}]}}